{"id":99314,"date":"2026-04-30T10:55:00","date_gmt":"2026-04-30T10:55:00","guid":{"rendered":"https:\/\/incm.pt\/site\/?p=99314"},"modified":"2026-04-30T10:56:33","modified_gmt":"2026-04-30T10:56:33","slug":"incm-apresenta-o-seu-plano-cultural-para-2026","status":"publish","type":"post","link":"https:\/\/incm.pt\/site\/incm-apresenta-o-seu-plano-cultural-para-2026\/","title":{"rendered":"INCM apresenta o seu Plano Cultural para 2026"},"content":{"rendered":"<p>A Imprensa Nacional\u2013Casa da Moeda (INCM), apresentou, no dia 29 de abril, na Biblioteca da Imprensa Nacional, os principais conjuntos de iniciativas para 2026, onde se inclui o Plano Editorial, o Plano Numism\u00e1tico e muitas outras iniciativas culturais, que d\u00e3o continuidade a uma das suas miss\u00f5es primordiais: promover a cultura e a l\u00edngua portuguesas.<\/p>\n<p>Dora Moita, presidente do concelho de administra\u00e7\u00e3o, Duarte Azinheira, administrador executivo do concelho de administra\u00e7\u00e3o, Cl\u00e1udio Garrudo, diretor da Unidade de Edi\u00e7\u00e3o e Cultura da Imprensa Nacional e Rita Assis, respons\u00e1vel do Plano Numism\u00e1tico, tomaram da palavra para apresentar as novidades de 2026.<\/p>\n<p>Quanto ao Plano editorial, s\u00e3o cerca de 70 novas edi\u00e7\u00f5es que ir\u00e3o juntar-se aos mais de 2.000 t\u00edtulos ativos do cat\u00e1logo da Imprensa Nacional, a chancela editorial da INCM, que inclui mais de 150 t\u00edtulos recomendados pelo Plano Nacional de Leitura, bem como mais de 500 livros digitais e 14 audiolivros disponibilizados ao p\u00fablico de forma totalmente gratuita.<\/p>\n<p>O grande destaque editorial deste ano vai para as publica\u00e7\u00f5es que se unem \u00e0s comemora\u00e7\u00f5es de<strong> Lu\u00eds de Cam\u00f5es<\/strong>, numa parceira prof\u00edcua com a Estrutura de Miss\u00e3o para as Comemora\u00e7\u00f5es do V Centen\u00e1rio do Nascimento de Lu\u00eds de Cam\u00f5es: <em>Obras Anotadas de Lu\u00eds de Cam\u00f5es (L\u00edrica, \u00c9pica, Teatro e Cartas<\/em>), com coordena\u00e7\u00e3o de Jos\u00e9 Cardoso Bernardes e Zulmira Santos;\u00a0 uma edi\u00e7\u00e3o cr\u00edtica e anotada de <strong><em>Os Lus\u00edadas,<\/em><\/strong> sob a coordena\u00e7\u00e3o de Jos\u00e9 Carlos Seabra Pereira, Arnaldo do Esp\u00edrito Santo e Telmo Verdelho; uma\u00a0 <em>Edi\u00e7\u00e3o Cr\u00edtica<\/em> da Lirica e \u00c9pica, em coedi\u00e7\u00e3o com o <em>Centre International d\u2019\u00c9tudes Portugaises de Gen\u00e8ve<\/em>, com coordena\u00e7\u00e3o de Rita Marnoto, Maurizio Perugi e Barbara Spaggiari; uma edi\u00e7\u00e3o bil\u00edngue portugu\u00eas \/ chin\u00eas com tradu\u00e7\u00e3o de Zhang Weimin, em coedi\u00e7\u00e3o com o IPOR &#8211; Instituto Portugu\u00eas do Oriente e ainda um ensaio de Telmo Verdelho intitulado <em>Sobre a Primeira Edi\u00e7\u00e3o de Os Lus\u00edadas<\/em>.<\/p>\n<p>Outra novidade, desta feita na <em>Cole\u00e7\u00e3o Obras Completas<\/em>, \u00e9 a publica\u00e7\u00e3o dos trabalhos de <strong>Fernando Gil<\/strong> com coordena\u00e7\u00e3o de Maria Filomena Molder, Adelino Cardoso e Manuel Silv\u00e9rio Marques, e de <strong>An\u00edbal Cavaco Silva \u2013 Obra Cient\u00edfica e Acad\u00e9mica<\/strong>, com coordena\u00e7\u00e3o de Ant\u00f3nio Ara\u00fajo.<\/p>\n<p>As cole\u00e7\u00f5es dedicadas a Jos\u00e9 Augusto-Fran\u00e7a, Manuel Teixeira Gomes, Maria Ondina Braga, Maria Isabel Barreno e Vitorino Nem\u00e9sio conhecer\u00e3o tamb\u00e9m novos t\u00edtulos em 2026. Tamb\u00e9m as <em>Edi\u00e7\u00f5es Cr\u00edticas<\/em> de\u00a0 Almeida Garrett, E\u00e7a de Queir\u00f3s e Camilo Castelo Branco voltam a somar novos t\u00edtulos este ano.<\/p>\n<p>Na cole\u00e7\u00e3o<em> O Essencial Sobre<\/em>, numa abordagem sucinta e abrangente de temas e personalidades da nossa cultura, v\u00e3o surgir t\u00edtulos dedicados a <strong>Luiz Pacheco<\/strong>, <strong>Alexandre O\u2019Neill<\/strong>, <strong>L\u00eddia Jorge<\/strong>, <strong>Jos\u00e9 Cardoso Pires<\/strong> e <strong>Gast\u00e3o Cruz<\/strong>.<\/p>\n<p>A cole\u00e7\u00e3o de ensaios <em>Olhares<\/em>, ter\u00e1 este ano dois novos volumes: Rafaela Cardeal da Silva traz-nos <strong><em>Uma Li\u00e7\u00e3o de Poesia: Jo\u00e3o Cabral de Melo Neto e Portugal<\/em><\/strong> e Godinho de Er\u00e9dia, na S\u00e9rie <em>A Viagem<\/em>, <strong><em>Declara\u00e7\u00e3o de Malaca<\/em><\/strong>.<\/p>\n<p>Tamb\u00e9m a <em>Cole\u00e7\u00e3o Comunidades Portuguesas<\/em>, editada em parceria com o Minist\u00e9rio dos Neg\u00f3cios Estrangeiros, nos leva para paisagens por vezes familiares, por vezes distantes: <strong><em>Portugal 1974-1976: a Revolu\u00e7\u00e3o dos Cravos Vista Pela Diplomacia Francesa<\/em><\/strong>, de Jos\u00e9 Carlos Janela Antunes, e <strong><em>Cr\u00f3nicas Californianas<\/em><\/strong>, de Jo\u00e3o Bendito, s\u00e3o algumas das novidades.<\/p>\n<p>No \u00e2mbito da poesia destacamos as cole\u00e7\u00f5es <em>It\u00e1lica<\/em>, com obras de Anna Maria Carpi de Giovanni Verga, e <em>Plural<\/em>, com t\u00edtulos de Ant\u00f3nio Carlos Cortez e Fernando Guedes. Da <em>S\u00e9rie Letrapoema<\/em>, da cole\u00e7\u00e3o de poesia Plural, teremos ainda <strong>Cada Lugar Meu<\/strong>, de Mafalda Veiga.<\/p>\n<p>Nas Artes, temos t\u00edtulos de v\u00e1rias disciplinas, como a fotografia, com dois novos n\u00fameros da <strong>Cole\u00e7\u00e3o Ph.<\/strong> dedicados \u00e0s fot\u00f3grafas S\u00e3o Trindade e J\u00falia Ventura; a Arte Bruta, com a <strong>Cole\u00e7\u00e3o Alta para Ensaio<\/strong>, editada em colabora\u00e7\u00e3o com o <em>Manic\u00f3mio<\/em>, dedicado a Filipe Cerqueira; o design, com a <strong>Cole\u00e7\u00e3o D<\/strong>, dedicada a Armando Alves; a joalharia contempor\u00e2nea com a <strong>Cole\u00e7\u00e3o J<\/strong>, dedicada a Alexandra Serpa Pimentel ou a nova <strong>Cole\u00e7\u00e3o M<\/strong>, dedicada \u00e0 publicidade de marcas portuguesas no s\u00e9c. XX, come\u00e7ando pelas <em>Marcas de Conserva de Peixe<\/em>.<\/p>\n<p>Dedicado aos p\u00fablicos Infantojuvenis, destacamos a <strong>Cole\u00e7\u00e3o Grandes Vidas Portuguesas<\/strong>, editada em parceria com o Pato L\u00f3gico, que j\u00e1 conta com mais de 40 volumes e que, para al\u00e9m de apresentar este ano, <strong>Carlos Paredes<\/strong> e <strong>Paula Rego<\/strong> aos mais jovens, inicia uma nova s\u00e9rie dedicada aos Presidentes da Rep\u00fablica Portuguesa, com a vida de <strong>Manuel Teixeira Gomes<\/strong>. Para os leitores mais pequenos, destacamos ainda a publica\u00e7\u00e3o de um t\u00edtulo de Maria Jo\u00e3o Freitas (texto) e Jorge Margarido (ilustra\u00e7\u00e3o), dedicado ao <strong>Terramoto de Lisboa de 1755<\/strong>, e outro de Isabel Zambujal (texto), Amargoo (ilustra\u00e7\u00e3o) dedicado ao pintor <strong>Almada Negreiros<\/strong>, integrado na <em>Cole\u00e7\u00e3o Arte Nossa<\/em>.<\/p>\n<p>Das edi\u00e7\u00f5es especiais ou comemorativas, destacamos as rela\u00e7\u00f5es de parceria e coopera\u00e7\u00e3o estabelecidas com as mais diversas entidades, como os <strong>50 Anos do Di\u00e1rio da Rep\u00fablica<\/strong>, os <strong>30 anos do Pr\u00e9mio Nacional de Ilustra\u00e7\u00e3o<\/strong>, em colabora\u00e7\u00e3o com a <strong>DGLAB<\/strong> ou ao <strong>100 Anos de Variedades<\/strong>, em colabora\u00e7\u00e3o com o <strong>Teatro de Variedades<\/strong>. Com o Museu de Arte Antiga e o Museu de Arte Popular, editamos dois cat\u00e1logos <strong>1884\u20132024. Museu Nacional de Arte Antiga<\/strong>, e<strong> Um Cento de Cestos<\/strong>, respetivamente.<\/p>\n<p>Ser\u00e3o ainda publicados os 6 autores vencedores dos Pr\u00e9mios Liter\u00e1rios INCM que visam autores de l\u00edngua Portuguesa da Di\u00e1spora, de Cabo-Verde, Mo\u00e7ambique, S\u00e3o Tom\u00e9 e Pr\u00edncipe, e Angola. Claudino Henriques Veiga, Jeremias Sebasti\u00e3o, Manuel e Nathalie Melo (texto e ilustra\u00e7\u00e3o), Orlando Piedade e Rafaela Cardeal da Silva, ver\u00e3o as suas obras premiadas publicadas durante 2026.<\/p>\n<p>J\u00e1 no que diz respeito ao <a href=\"https:\/\/incm.pt\/site\/wp-content\/uploads\/2026\/03\/Plano-Numismatico-2026-2.pdf\">Plano Numism\u00e1tico 2026<\/a>, e \u00e0s moedas de cole\u00e7\u00e3o, 2026 afirma-se como um ano de continuidade e, sobretudo, de afirma\u00e7\u00e3o internacional da numism\u00e1tica portuguesa, onde tradi\u00e7\u00e3o e inova\u00e7\u00e3o se cruzam.<\/p>\n<p>Composto por 14 moedas comemorativas (12 de cole\u00e7\u00e3o e 2 correntes), o Plano Numism\u00e1tico para 2026 d\u00e1 relevo a acontecimentos, figuras e elementos marcantes da cultura portuguesa e universal.<\/p>\n<p>Entre as novidades, destaca-se a \u00abMoeda Emblem\u00e1tica de Portugal\u00bb, da autoria da escultora Baiba \u0160ime, a primeira moeda-bandeira\u00a0<em>(flagship coin)<\/em>\u00a0do pa\u00eds. Ser\u00e1 embaixadora da iconografia nacional no mercado numism\u00e1tico internacional e ter\u00e1, a partir deste ano, emiss\u00f5es anuais, refletindo a evolu\u00e7\u00e3o hist\u00f3rica do bras\u00e3o portugu\u00eas.<\/p>\n<p>Destaque tamb\u00e9m para a moeda que evoca o \u00abBerlinde\u00bb, desenhada por Henrique Cayatte e integrada na s\u00e9rie \u00abJogos de Inf\u00e2ncia\u00bb, uma moeda inovadora que incorpora tecnologia 3D, valorizando o relevo das esferas e a textura da face.<\/p>\n<p>Entre as efem\u00e9rides, ser\u00e3o cunhadas moedas de cole\u00e7\u00e3o evocativas dos 50 Anos da Constitui\u00e7\u00e3o de 1976, tamb\u00e9m desenhada por Baiba \u0160ime, dos 50 Anos do 25 de Novembro, da autoria de Carolina Ladeira, e dos 150 Anos da Caixa Geral de Dep\u00f3sitos, da autoria de Hugo Maciel e dos 40 anos da Ades\u00e3o de Portugal \u00e0 Uni\u00e3o Europeia.<\/p>\n<p>A hist\u00f3ria e o patrim\u00f3nio estar\u00e3o tamb\u00e9m em evid\u00eancia nas moedas alusivas ao Aqueduto das \u00c1guas Livres (XIV S\u00e9rie Ibero-Americana), da autoria do gravador Nuno Caetano, ao Farol da Ponta do Albarnaz (s\u00e9rie Far\u00f3is de Portugal), pela m\u00e3o do escultor Jos\u00e9 Jo\u00e3o de Brito, e \u00e0 moeda \u00abPortugu\u00eas\u00bb de D. Manuel I, numa reinterpreta\u00e7\u00e3o contempor\u00e2nea do\u00a0<em>designer<\/em>\u00a0Jorge Silva da moeda portuguesa com maior circula\u00e7\u00e3o mundial.<\/p>\n<p>A segunda moeda da s\u00e9rie \u00abArtistas Pl\u00e1sticos Portugueses Contempor\u00e2neos\u00bb, da autoria de Teresa Milheiro, ser\u00e1 dedicada ao pintor Amadeo de Souza-Cardoso e, por sua vez, a s\u00e9rie \u00abDesenhar a Moeda\u00bb prosseguir\u00e1 com uma moeda alusiva \u00e0 \u00abMulticulturalidade\u00bb, criada a partir do desenho da jovem Melissa Garcia, vencedora da 5.\u00aa edi\u00e7\u00e3o do concurso, promovido junto das escolas do ensino b\u00e1sico do munic\u00edpio de Faro.<\/p>\n<p>O desporto tamb\u00e9m estar\u00e1 presente entre as moedas de 2026, com uma moeda da autoria de Nuno Martins dedicada ao Campeonato Mundial de Futebol FIFA, que ter\u00e1 lugar no Canad\u00e1, Estados Unidos e M\u00e9xico entre 11 de junho e 19 de julho deste ano.<\/p>\n<p>Quanto \u00e0s moedas correntes comemorativas, com valor facial de 2 euros, a Casa da Moeda apresentar\u00e1 uma moeda que celebra os 100 anos da organiza\u00e7\u00e3o mundial de voluntariado Rotary Internacional em Portugal, com face nacional da autoria do escultor Jo\u00e3o Duarte, e uma moeda que assinala os 70 anos da Funda\u00e7\u00e3o Calouste Gulbenkian, com desenho de Pedro Carvalho.<\/p>\n<p>No plano das atividades culturais a INCM, atrav\u00e9s da Imprensa Nacional, continua a impor-se como um espa\u00e7o de abertura, fomento de divulga\u00e7\u00e3o da arte, patrim\u00f3nio e cultura portuguesas, quer atrav\u00e9s dos espa\u00e7os como a Galeria de Arte Imprensa Nacional e a Biblioteca, onde s\u00e3o promovidas exposi\u00e7\u00f5es, recitais e ciclos de confer\u00eancias, para al\u00e9m das apresenta\u00e7\u00f5es regulares de livros, quer atrav\u00e9s dos Pr\u00e9mios e Bolsas liter\u00e1rias, fomento e apoio \u00e0 investiga\u00e7\u00e3o. Destaque j\u00e1 para o m\u00eas de maio o Ciclo de conversas com Gon\u00e7alo M. Tavares e, ao longo de todo o ano, os recitais de poesia com os Artistas Unidos.<\/p>\n<p>O Museu da Casa da Moeda, enquanto espa\u00e7o museol\u00f3gico digital tem tamb\u00e9m desempenhado um papel relevante no \u00e2mbito da preserva\u00e7\u00e3o e promo\u00e7\u00e3o do patrim\u00f3nio numism\u00e1tico, e no \u00e2mbito dos servi\u00e7os educativos.<\/p>\n","protected":false},"excerpt":{"rendered":"<p>A Imprensa Nacional\u2013Casa da Moeda (INCM), apresentou, no dia 29 de abril, na Biblioteca da Imprensa Nacional, os principais conjuntos de iniciativas para 2026, onde se inclui o Plano Editorial, o Plano Numism\u00e1tico e muitas outras iniciativas culturais, que d\u00e3o continuidade a uma das suas miss\u00f5es primordiais: promover a cultura e a l\u00edngua portuguesas. Dora [&hellip;]<\/p>\n","protected":false},"author":24,"featured_media":99315,"comment_status":"open","ping_status":"open","sticky":false,"template":"","format":"standard","meta":{"_acf_changed":false,"_et_pb_use_builder":"","_et_pb_old_content":"","_et_gb_content_width":"","footnotes":""},"categories":[26,17,20],"tags":[],"class_list":["post-99314","post","type-post","status-publish","format-standard","has-post-thumbnail","hentry","category-cultura","category-eventos","category-numismatica"],"acf":[],"_links":{"self":[{"href":"https:\/\/incm.pt\/site\/wp-json\/wp\/v2\/posts\/99314","targetHints":{"allow":["GET"]}}],"collection":[{"href":"https:\/\/incm.pt\/site\/wp-json\/wp\/v2\/posts"}],"about":[{"href":"https:\/\/incm.pt\/site\/wp-json\/wp\/v2\/types\/post"}],"author":[{"embeddable":true,"href":"https:\/\/incm.pt\/site\/wp-json\/wp\/v2\/users\/24"}],"replies":[{"embeddable":true,"href":"https:\/\/incm.pt\/site\/wp-json\/wp\/v2\/comments?post=99314"}],"version-history":[{"count":2,"href":"https:\/\/incm.pt\/site\/wp-json\/wp\/v2\/posts\/99314\/revisions"}],"predecessor-version":[{"id":99320,"href":"https:\/\/incm.pt\/site\/wp-json\/wp\/v2\/posts\/99314\/revisions\/99320"}],"wp:featuredmedia":[{"embeddable":true,"href":"https:\/\/incm.pt\/site\/wp-json\/wp\/v2\/media\/99315"}],"wp:attachment":[{"href":"https:\/\/incm.pt\/site\/wp-json\/wp\/v2\/media?parent=99314"}],"wp:term":[{"taxonomy":"category","embeddable":true,"href":"https:\/\/incm.pt\/site\/wp-json\/wp\/v2\/categories?post=99314"},{"taxonomy":"post_tag","embeddable":true,"href":"https:\/\/incm.pt\/site\/wp-json\/wp\/v2\/tags?post=99314"}],"curies":[{"name":"wp","href":"https:\/\/api.w.org\/{rel}","templated":true}]}}