{"id":8493,"date":"2022-10-12T16:44:30","date_gmt":"2022-10-12T16:44:30","guid":{"rendered":"https:\/\/incm.pt\/site\/?p=8493"},"modified":"2023-01-11T10:54:21","modified_gmt":"2023-01-11T10:54:21","slug":"sessao-desafios-e-oportunidades-da-adocao-do-selo-de-maturidade-digital-ciberseguranca","status":"publish","type":"post","link":"https:\/\/incm.pt\/site\/sessao-desafios-e-oportunidades-da-adocao-do-selo-de-maturidade-digital-ciberseguranca\/","title":{"rendered":"SESS\u00c3O \u201cDESAFIOS E OPORTUNIDADES DA ADO\u00c7\u00c3O DO SELO DE MATURIDADE DIGITAL \u2013 CIBERSEGURAN\u00c7A\u201d"},"content":{"rendered":"<p>A INCM participou ontem na sess\u00e3o \u201cDesafios e oportunidades da ado\u00e7\u00e3o do Selo de Maturidade Digital \u2013 Ciberseguran\u00e7a\u201d, promovida pela Associa\u00e7\u00e3o DNS.PT.<\/p>\n<p>A abertura da sess\u00e3o esteve a cargo do Secret\u00e1rio de Estado da Digitaliza\u00e7\u00e3o e Moderniza\u00e7\u00e3o Administrativa, M\u00e1rio Filipe Campolargo, seguindo-se uma conversa em torno da tem\u00e1tica da Ciberseguran\u00e7a e dos Selos de Maturidade Digital, que contou com a participa\u00e7\u00e3o de Joana Lobo, da APCER, de Lino Santos, do Centro Nacional de Ciberseguran\u00e7a, de Raul Martins, da Estrutura de Miss\u00e3o Portugal Digital, e de In\u00eas Esteves, da .PT.<\/p>\n<p>No encerramento da sess\u00e3o, Dora Moita, presidente em substitui\u00e7\u00e3o do Conselho de Administra\u00e7\u00e3o da INCM, sublinhou que os selos de maturidade digital garantem confian\u00e7a para os cidad\u00e3os, para as empresas e para os respetivos l\u00edderes e dirigentes, \u201cgarantindo que est\u00e3o a adotar aquilo que s\u00e3o os procedimentos e os processos mais ajustados, para que esse caminho da transi\u00e7\u00e3o digital chegue a um n\u00edvel de maturidade em que todos tenhamos confian\u00e7a nele\u201d.<\/p>\n","protected":false},"excerpt":{"rendered":"<p>A INCM participou ontem na sess\u00e3o \u201cDesafios e oportunidades da ado\u00e7\u00e3o do Selo de Maturidade Digital \u2013 Ciberseguran\u00e7a\u201d, promovida pela Associa\u00e7\u00e3o DNS.PT. A abertura da sess\u00e3o esteve a cargo do Secret\u00e1rio de Estado da Digitaliza\u00e7\u00e3o e Moderniza\u00e7\u00e3o Administrativa, M\u00e1rio Filipe Campolargo, seguindo-se uma conversa em torno da tem\u00e1tica da Ciberseguran\u00e7a e dos Selos de Maturidade [&hellip;]<\/p>\n","protected":false},"author":1,"featured_media":8495,"comment_status":"open","ping_status":"open","sticky":false,"template":"","format":"standard","meta":{"_acf_changed":false,"_et_pb_use_builder":"","_et_pb_old_content":"","_et_gb_content_width":"","footnotes":""},"categories":[18],"tags":[],"class_list":["post-8493","post","type-post","status-publish","format-standard","has-post-thumbnail","hentry","category-inovacao"],"acf":[],"_links":{"self":[{"href":"https:\/\/incm.pt\/site\/wp-json\/wp\/v2\/posts\/8493","targetHints":{"allow":["GET"]}}],"collection":[{"href":"https:\/\/incm.pt\/site\/wp-json\/wp\/v2\/posts"}],"about":[{"href":"https:\/\/incm.pt\/site\/wp-json\/wp\/v2\/types\/post"}],"author":[{"embeddable":true,"href":"https:\/\/incm.pt\/site\/wp-json\/wp\/v2\/users\/1"}],"replies":[{"embeddable":true,"href":"https:\/\/incm.pt\/site\/wp-json\/wp\/v2\/comments?post=8493"}],"version-history":[{"count":0,"href":"https:\/\/incm.pt\/site\/wp-json\/wp\/v2\/posts\/8493\/revisions"}],"wp:featuredmedia":[{"embeddable":true,"href":"https:\/\/incm.pt\/site\/wp-json\/wp\/v2\/media\/8495"}],"wp:attachment":[{"href":"https:\/\/incm.pt\/site\/wp-json\/wp\/v2\/media?parent=8493"}],"wp:term":[{"taxonomy":"category","embeddable":true,"href":"https:\/\/incm.pt\/site\/wp-json\/wp\/v2\/categories?post=8493"},{"taxonomy":"post_tag","embeddable":true,"href":"https:\/\/incm.pt\/site\/wp-json\/wp\/v2\/tags?post=8493"}],"curies":[{"name":"wp","href":"https:\/\/api.w.org\/{rel}","templated":true}]}}