{"id":77172,"date":"2025-12-15T14:36:06","date_gmt":"2025-12-15T14:36:06","guid":{"rendered":"https:\/\/incm.pt\/site\/?p=77172"},"modified":"2025-12-15T14:36:06","modified_gmt":"2025-12-15T14:36:06","slug":"obra-vencedora-do-premio-de-literatura-infantojuvenil-manuel-lopes-1-a-edicao-apresentada-em-cabo-verde","status":"publish","type":"post","link":"https:\/\/incm.pt\/site\/obra-vencedora-do-premio-de-literatura-infantojuvenil-manuel-lopes-1-a-edicao-apresentada-em-cabo-verde\/","title":{"rendered":"Obra vencedora do  Pr\u00e9mio de Literatura Infantojuvenil Manuel Lopes (1.\u00aa edi\u00e7\u00e3o) apresentada em Cabo Verde"},"content":{"rendered":"<p>O livro <em><a href=\"https:\/\/loja.incm.pt\/products\/nina-uma-historia-entre-a-praia-e-o-porto\">Nina, Uma Hist\u00f3ria entre a Praia e o Porto<\/a><\/em>, de Vanda Azuaga Monteiro (texto) e Wilson Lopes (ilustra\u00e7\u00e3o), vencedor da 1.\u00aa edi\u00e7\u00e3o do Pr\u00e9mio de Literatura Infantojuvenil Manuel Lopes, foi apresentado, no dia 12 de dezembro, em Cabo Verde.<\/p>\n<p>A obra, agora apresentada ao p\u00fablico, \u00e9 o resultado da 1.\u00aa edi\u00e7\u00e3o do <a href=\"https:\/\/imprensanacional.pt\/premios-literarios\/premio-literario-infantojuvenil-manuel-lopes\/\" target=\"_blank\" rel=\"noopener\">Pr\u00e9mio de Literatura Infantojuvenil Manuel Lopes<\/a>, institu\u00eddo em parceria pela Imprensa Nacional-Casa da Moeda (INCM) e pelo Instituto da Biblioteca Nacional de Cabo Verde (BNCV) e dirigido a autores cabo-verdianos ou a estrangeiros a residir em Cabo Verde.<\/p>\n<p>A apresenta\u00e7\u00e3o aconteceu no decorrer da 5.\u00aa edi\u00e7\u00e3o do Festival Liter\u00e1rio Morabeza \u2013 Festa do Livro de Cabo Verde, que teve lugar na cidade da Praia, entre os dias 9 e 12 deste m\u00eas, e contou com a presen\u00e7a dos autores, do Ministro da Cultura e Ind\u00fastrias Criativas de Cabo Verde, Augusto Jorge de Albuquerque Veiga, da Diretora do BNCV, Matilde Santos, do administrador Executivo da INCM, Duarte Azinheira, e do escritor e antigo Presidente da Rep\u00fablica de Cabo Verde, Jorge Carlos Fonseca.<\/p>\n","protected":false},"excerpt":{"rendered":"<p>O livro Nina, Uma Hist\u00f3ria entre a Praia e o Porto, de Vanda Azuaga Monteiro (texto) e Wilson Lopes (ilustra\u00e7\u00e3o), vencedor da 1.\u00aa edi\u00e7\u00e3o do Pr\u00e9mio de Literatura Infantojuvenil Manuel Lopes, foi apresentado, no dia 12 de dezembro, em Cabo Verde. A obra, agora apresentada ao p\u00fablico, \u00e9 o resultado da 1.\u00aa edi\u00e7\u00e3o do Pr\u00e9mio [&hellip;]<\/p>\n","protected":false},"author":16,"featured_media":77173,"comment_status":"open","ping_status":"open","sticky":false,"template":"","format":"standard","meta":{"_acf_changed":false,"_et_pb_use_builder":"","_et_pb_old_content":"","_et_gb_content_width":"","footnotes":""},"categories":[26],"tags":[],"class_list":["post-77172","post","type-post","status-publish","format-standard","has-post-thumbnail","hentry","category-cultura"],"acf":[],"_links":{"self":[{"href":"https:\/\/incm.pt\/site\/wp-json\/wp\/v2\/posts\/77172","targetHints":{"allow":["GET"]}}],"collection":[{"href":"https:\/\/incm.pt\/site\/wp-json\/wp\/v2\/posts"}],"about":[{"href":"https:\/\/incm.pt\/site\/wp-json\/wp\/v2\/types\/post"}],"author":[{"embeddable":true,"href":"https:\/\/incm.pt\/site\/wp-json\/wp\/v2\/users\/16"}],"replies":[{"embeddable":true,"href":"https:\/\/incm.pt\/site\/wp-json\/wp\/v2\/comments?post=77172"}],"version-history":[{"count":1,"href":"https:\/\/incm.pt\/site\/wp-json\/wp\/v2\/posts\/77172\/revisions"}],"predecessor-version":[{"id":77177,"href":"https:\/\/incm.pt\/site\/wp-json\/wp\/v2\/posts\/77172\/revisions\/77177"}],"wp:featuredmedia":[{"embeddable":true,"href":"https:\/\/incm.pt\/site\/wp-json\/wp\/v2\/media\/77173"}],"wp:attachment":[{"href":"https:\/\/incm.pt\/site\/wp-json\/wp\/v2\/media?parent=77172"}],"wp:term":[{"taxonomy":"category","embeddable":true,"href":"https:\/\/incm.pt\/site\/wp-json\/wp\/v2\/categories?post=77172"},{"taxonomy":"post_tag","embeddable":true,"href":"https:\/\/incm.pt\/site\/wp-json\/wp\/v2\/tags?post=77172"}],"curies":[{"name":"wp","href":"https:\/\/api.w.org\/{rel}","templated":true}]}}