{"id":73715,"date":"2025-11-26T09:56:17","date_gmt":"2025-11-26T09:56:17","guid":{"rendered":"https:\/\/incm.pt\/site\/?p=73715"},"modified":"2025-11-26T09:56:17","modified_gmt":"2025-11-26T09:56:17","slug":"acao-de-voluntariado-no-parque-natural-de-sintra-cascais","status":"publish","type":"post","link":"https:\/\/incm.pt\/site\/acao-de-voluntariado-no-parque-natural-de-sintra-cascais\/","title":{"rendered":"A\u00e7\u00e3o de voluntariado no Parque Natural de Sintra-Cascais"},"content":{"rendered":"<p>No dia 22 de novembro, a INCM regressou ao Parque Natural de Sintra-Cascais para mais uma a\u00e7\u00e3o de voluntariado, em parceria com a associa\u00e7\u00e3o Plantar uma \u00c1rvore, o Comit\u00e9 Ol\u00edmpico de Portugal e o Instituto da Conserva\u00e7\u00e3o da Natureza e das Florestas.<\/p>\n<p>A iniciativa, que juntou na Tapada da Urzeira os volunt\u00e1rios da INCM, dois atletas ol\u00edmpicos e v\u00e1rias crian\u00e7as e jovens da associa\u00e7\u00e3o CAZambujal, com o apoio da Social Innovation Sports e da CRESCER, contribuiu para a recupera\u00e7\u00e3o de uma \u00e1rea ecologicamente degradada, atrav\u00e9s de uma a\u00e7\u00e3o de manuten\u00e7\u00e3o, visando a restitui\u00e7\u00e3o de um bosque nativo.<\/p>\n<p>Juntos, procedemos \u00e0 planta\u00e7\u00e3o de\u00a0100 plantas aut\u00f3ctones (carvalhos-cerquinhos, sobreiros, pilriteiros, l\u00f3d\u00e3os-bastardos, medronheiros, murtas e adernos-de-folhas-estreitas) que ir\u00e3o promover a regenera\u00e7\u00e3o e a biodiversidade daquela \u00e1rea.<\/p>\n<p>Estima-se que o potencial de sequestro de carbono das \u00e1rvores plantadas possa chegar \u00e0s 60 toneladas, ajudando a diminuir a pegada ambiental.<\/p>\n","protected":false},"excerpt":{"rendered":"<p>No dia 22 de novembro, a INCM regressou ao Parque Natural de Sintra-Cascais para mais uma a\u00e7\u00e3o de voluntariado, em parceria com a associa\u00e7\u00e3o Plantar uma \u00c1rvore, o Comit\u00e9 Ol\u00edmpico de Portugal e o Instituto da Conserva\u00e7\u00e3o da Natureza e das Florestas. A iniciativa, que juntou na Tapada da Urzeira os volunt\u00e1rios da INCM, dois [&hellip;]<\/p>\n","protected":false},"author":26,"featured_media":73711,"comment_status":"open","ping_status":"open","sticky":false,"template":"","format":"standard","meta":{"_acf_changed":false,"_et_pb_use_builder":"","_et_pb_old_content":"","_et_gb_content_width":"","footnotes":""},"categories":[191],"tags":[],"class_list":["post-73715","post","type-post","status-publish","format-standard","has-post-thumbnail","hentry","category-responsabilidade-social"],"acf":[],"_links":{"self":[{"href":"https:\/\/incm.pt\/site\/wp-json\/wp\/v2\/posts\/73715","targetHints":{"allow":["GET"]}}],"collection":[{"href":"https:\/\/incm.pt\/site\/wp-json\/wp\/v2\/posts"}],"about":[{"href":"https:\/\/incm.pt\/site\/wp-json\/wp\/v2\/types\/post"}],"author":[{"embeddable":true,"href":"https:\/\/incm.pt\/site\/wp-json\/wp\/v2\/users\/26"}],"replies":[{"embeddable":true,"href":"https:\/\/incm.pt\/site\/wp-json\/wp\/v2\/comments?post=73715"}],"version-history":[{"count":1,"href":"https:\/\/incm.pt\/site\/wp-json\/wp\/v2\/posts\/73715\/revisions"}],"predecessor-version":[{"id":73716,"href":"https:\/\/incm.pt\/site\/wp-json\/wp\/v2\/posts\/73715\/revisions\/73716"}],"wp:featuredmedia":[{"embeddable":true,"href":"https:\/\/incm.pt\/site\/wp-json\/wp\/v2\/media\/73711"}],"wp:attachment":[{"href":"https:\/\/incm.pt\/site\/wp-json\/wp\/v2\/media?parent=73715"}],"wp:term":[{"taxonomy":"category","embeddable":true,"href":"https:\/\/incm.pt\/site\/wp-json\/wp\/v2\/categories?post=73715"},{"taxonomy":"post_tag","embeddable":true,"href":"https:\/\/incm.pt\/site\/wp-json\/wp\/v2\/tags?post=73715"}],"curies":[{"name":"wp","href":"https:\/\/api.w.org\/{rel}","templated":true}]}}