{"id":71455,"date":"2025-11-19T15:24:19","date_gmt":"2025-11-19T15:24:19","guid":{"rendered":"https:\/\/incm.pt\/site\/?p=71455"},"modified":"2025-11-19T15:24:19","modified_gmt":"2025-11-19T15:24:19","slug":"contrastaria-inaugura-novo-polo-de-comunicacao-no-porto","status":"publish","type":"post","link":"https:\/\/incm.pt\/site\/contrastaria-inaugura-novo-polo-de-comunicacao-no-porto\/","title":{"rendered":"Contrastaria inaugura novo polo de comunica\u00e7\u00e3o no Porto"},"content":{"rendered":"<p>A Contrastaria Portuguesa tem um novo polo de comunica\u00e7\u00e3o com o p\u00fablico na rec\u00e9m-inaugurada Galeria de Artes Certificadas, do Grupo Valor do Tempo, situada na Rua das Flores, no Porto, onde se d\u00e1 visibilidade aos artes\u00e3os e \u00e0s principais artes certificadas nacionais.<\/p>\n<p>Este polo est\u00e1 integrado no espa\u00e7o dedicado \u00e0 arte da Filigrana, que d\u00e1 a conhecer todo o percurso de produ\u00e7\u00e3o destas pe\u00e7as de ourivesaria, desde o fabrico manual at\u00e9 \u00e0 certifica\u00e7\u00e3o legal, condi\u00e7\u00e3o imprescind\u00edvel \u00e0 sua disponibiliza\u00e7\u00e3o comercial.<\/p>\n<p>A Contrastaria apresenta a\u00ed toda a sua hist\u00f3ria e tradi\u00e7\u00e3o, dando visibilidade ao seu trabalho \u2014 processos, t\u00e9cnicas e patrim\u00f3nio \u2014, num espa\u00e7o que permite conhecer de perto aquilo que faz.<\/p>\n<p>Assim que tiver oportunidade, visite este novo espa\u00e7o e aproveite para conhecer tamb\u00e9m melhor as diversas artes certificadas presentes no local, um patrim\u00f3nio nosso que importa valorizar.<\/p>\n","protected":false},"excerpt":{"rendered":"<p>A Contrastaria Portuguesa tem um novo polo de comunica\u00e7\u00e3o com o p\u00fablico na rec\u00e9m-inaugurada Galeria de Artes Certificadas, do Grupo Valor do Tempo, situada na Rua das Flores, no Porto, onde se d\u00e1 visibilidade aos artes\u00e3os e \u00e0s principais artes certificadas nacionais. Este polo est\u00e1 integrado no espa\u00e7o dedicado \u00e0 arte da Filigrana, que d\u00e1 [&hellip;]<\/p>\n","protected":false},"author":26,"featured_media":71456,"comment_status":"open","ping_status":"open","sticky":false,"template":"","format":"standard","meta":{"_acf_changed":false,"_et_pb_use_builder":"","_et_pb_old_content":"","_et_gb_content_width":"","footnotes":""},"categories":[27,19],"tags":[],"class_list":["post-71455","post","type-post","status-publish","format-standard","has-post-thumbnail","hentry","category-contrastaria","category-institucional"],"acf":[],"_links":{"self":[{"href":"https:\/\/incm.pt\/site\/wp-json\/wp\/v2\/posts\/71455","targetHints":{"allow":["GET"]}}],"collection":[{"href":"https:\/\/incm.pt\/site\/wp-json\/wp\/v2\/posts"}],"about":[{"href":"https:\/\/incm.pt\/site\/wp-json\/wp\/v2\/types\/post"}],"author":[{"embeddable":true,"href":"https:\/\/incm.pt\/site\/wp-json\/wp\/v2\/users\/26"}],"replies":[{"embeddable":true,"href":"https:\/\/incm.pt\/site\/wp-json\/wp\/v2\/comments?post=71455"}],"version-history":[{"count":1,"href":"https:\/\/incm.pt\/site\/wp-json\/wp\/v2\/posts\/71455\/revisions"}],"predecessor-version":[{"id":71460,"href":"https:\/\/incm.pt\/site\/wp-json\/wp\/v2\/posts\/71455\/revisions\/71460"}],"wp:featuredmedia":[{"embeddable":true,"href":"https:\/\/incm.pt\/site\/wp-json\/wp\/v2\/media\/71456"}],"wp:attachment":[{"href":"https:\/\/incm.pt\/site\/wp-json\/wp\/v2\/media?parent=71455"}],"wp:term":[{"taxonomy":"category","embeddable":true,"href":"https:\/\/incm.pt\/site\/wp-json\/wp\/v2\/categories?post=71455"},{"taxonomy":"post_tag","embeddable":true,"href":"https:\/\/incm.pt\/site\/wp-json\/wp\/v2\/tags?post=71455"}],"curies":[{"name":"wp","href":"https:\/\/api.w.org\/{rel}","templated":true}]}}