{"id":70930,"date":"2025-11-14T15:20:35","date_gmt":"2025-11-14T15:20:35","guid":{"rendered":"https:\/\/incm.pt\/site\/?p=70930"},"modified":"2025-11-14T15:20:35","modified_gmt":"2025-11-14T15:20:35","slug":"cerimonia-de-entrega-do-premio-jornalismo-de-excelencia-vicente-jorge-silva-2","status":"publish","type":"post","link":"https:\/\/incm.pt\/site\/cerimonia-de-entrega-do-premio-jornalismo-de-excelencia-vicente-jorge-silva-2\/","title":{"rendered":"Cerim\u00f3nia de entrega do Pr\u00e9mio Jornalismo de Excel\u00eancia Vicente Jorge Silva"},"content":{"rendered":"<p>A cerim\u00f3nia de entrega de pr\u00e9mios da 5.\u00aa edi\u00e7\u00e3o do Pr\u00e9mio Jornalismo de Excel\u00eancia Vicente Jorge Silva da Imprensa Nacional-Casa da Moeda (INCM) decorreu ontem, no Clube de Jornalistas, em Lisboa, sendo os grandes vencedores os jornalistas Raquel Moleiro, Joana Pereira Bastos, Tiago Miranda e R\u00faben Tiago Pereira, pelo seu trabalho publicado no jornal <em>Expresso<\/em>, <strong><em>Mitra, o dep\u00f3sito de miser\u00e1veis<\/em><\/strong>.<\/p>\n<p>No seu discurso de agradecimento os autores explicaram que esta reportagem nasceu da \u00ab(\u2026) vontade de olhar para um lugar que o pa\u00eds durante muito tempo preferiu n\u00e3o ver\u00bb, refor\u00e7ando que o papel do jornalista \u00e9 ser \u00ab(\u2026) um guardi\u00e3o da mem\u00f3ria, algu\u00e9m que descobre hist\u00f3rias esquecidas ou que nunca tinham sido contadas e que as torna p\u00fablicas, dando luz ao que se quis manter invis\u00edvel (\u2026)\u00bb.<\/p>\n<p>N\u00e3o menos relevantes foram tamb\u00e9m o trabalho de investiga\u00e7\u00e3o de Cristina Margato e Jos\u00e9 Pedro Castanheira, <strong><em>O Camale\u00e3o<\/em><\/strong> (publicado no jornal Expresso), e a reportagem de Joana Gorj\u00e3o Henriques, Joana Bougard e Jos\u00e9 Cavalheiro, <strong><em>Anatomia de uma deten\u00e7\u00e3o pela PSP<\/em><\/strong> (publicada no jornal P\u00fablico), aos quais o j\u00fari decidiu atribuir duas men\u00e7\u00f5es honrosas pela sua qualidade.<\/p>\n<p>Na mesa desta cerim\u00f3nia estiveram presentes Maria Flor Pedroso, Presidente do Clube de Jornalistas, Duarte Azinheira, Administrador Executivo da INCM e Nicolau Santos, Presidente do J\u00fari do pr\u00e9mio, tendo ainda havido ao longo do evento alguns momentos de leitura de excertos do autor que d\u00e1 nome ao pr\u00e9mio, lidos por Paulo Campos Reis.<\/p>\n<p>Na 5.\u00aa edi\u00e7\u00e3o do pr\u00e9mio foram submetidos a concurso um total de <strong>43 trabalhos<\/strong> dos mais variados g\u00e9neros (reportagem, an\u00e1lise, investiga\u00e7\u00e3o), assinados por <strong>63 jornalistas<\/strong> de mais de duas dezenas de \u00f3rg\u00e3os de comunica\u00e7\u00e3o social.<\/p>\n<p>O\u00a0<a href=\"https:\/\/premiovicentejorgesilva.pt\/\" target=\"_blank\" rel=\"noopener\">Pr\u00e9mio Jornalismo de Excel\u00eancia Vicente Jorge Silva<\/a>\u00a0da INCM procura distinguir trabalhos que reforcem os diferentes estilos da imprensa escrita e que contribuam para uma sociedade mais informada, atribuindo ao vencedor uma bolsa de investiga\u00e7\u00e3o jornal\u00edstica no valor de 5000 euros.<\/p>\n","protected":false},"excerpt":{"rendered":"<p>A cerim\u00f3nia de entrega de pr\u00e9mios da 5.\u00aa edi\u00e7\u00e3o do Pr\u00e9mio Jornalismo de Excel\u00eancia Vicente Jorge Silva da Imprensa Nacional-Casa da Moeda (INCM) decorreu ontem, no Clube de Jornalistas, em Lisboa, sendo os grandes vencedores os jornalistas Raquel Moleiro, Joana Pereira Bastos, Tiago Miranda e R\u00faben Tiago Pereira, pelo seu trabalho publicado no jornal Expresso, [&hellip;]<\/p>\n","protected":false},"author":26,"featured_media":70926,"comment_status":"open","ping_status":"open","sticky":false,"template":"","format":"standard","meta":{"_acf_changed":false,"_et_pb_use_builder":"","_et_pb_old_content":"","_et_gb_content_width":"","footnotes":""},"categories":[26,17],"tags":[],"class_list":["post-70930","post","type-post","status-publish","format-standard","has-post-thumbnail","hentry","category-cultura","category-eventos"],"acf":[],"_links":{"self":[{"href":"https:\/\/incm.pt\/site\/wp-json\/wp\/v2\/posts\/70930","targetHints":{"allow":["GET"]}}],"collection":[{"href":"https:\/\/incm.pt\/site\/wp-json\/wp\/v2\/posts"}],"about":[{"href":"https:\/\/incm.pt\/site\/wp-json\/wp\/v2\/types\/post"}],"author":[{"embeddable":true,"href":"https:\/\/incm.pt\/site\/wp-json\/wp\/v2\/users\/26"}],"replies":[{"embeddable":true,"href":"https:\/\/incm.pt\/site\/wp-json\/wp\/v2\/comments?post=70930"}],"version-history":[{"count":1,"href":"https:\/\/incm.pt\/site\/wp-json\/wp\/v2\/posts\/70930\/revisions"}],"predecessor-version":[{"id":70931,"href":"https:\/\/incm.pt\/site\/wp-json\/wp\/v2\/posts\/70930\/revisions\/70931"}],"wp:featuredmedia":[{"embeddable":true,"href":"https:\/\/incm.pt\/site\/wp-json\/wp\/v2\/media\/70926"}],"wp:attachment":[{"href":"https:\/\/incm.pt\/site\/wp-json\/wp\/v2\/media?parent=70930"}],"wp:term":[{"taxonomy":"category","embeddable":true,"href":"https:\/\/incm.pt\/site\/wp-json\/wp\/v2\/categories?post=70930"},{"taxonomy":"post_tag","embeddable":true,"href":"https:\/\/incm.pt\/site\/wp-json\/wp\/v2\/tags?post=70930"}],"curies":[{"name":"wp","href":"https:\/\/api.w.org\/{rel}","templated":true}]}}