{"id":70920,"date":"2025-11-14T11:15:08","date_gmt":"2025-11-14T11:15:08","guid":{"rendered":"https:\/\/incm.pt\/site\/?p=70920"},"modified":"2025-11-14T11:46:59","modified_gmt":"2025-11-14T11:46:59","slug":"lancamento-moeda-farol-cabo-de-sao-vicente","status":"publish","type":"post","link":"https:\/\/incm.pt\/site\/lancamento-moeda-farol-cabo-de-sao-vicente\/","title":{"rendered":"Lan\u00e7amento Moeda \u201cFarol Cabo de S\u00e3o Vicente\u201d"},"content":{"rendered":"<p>Esta quarta-feira, a Casa da Moeda lan\u00e7ou a <a href=\"https:\/\/loja.incm.pt\/collections\/farol-sao-vicente\">moeda alusiva ao Farol do Cabo de S\u00e3o Vicente<\/a>, uma pe\u00e7a de cole\u00e7\u00e3o que inaugurou a s\u00e9rie \u201cFar\u00f3is de Portugal\u201d e que presta tributo \u00e0 grandiosidade deste monumento (ativo desde 1846) com um desenho da autoria do escultor Jos\u00e9 Jo\u00e3o de Brito, que representa a sua import\u00e2ncia para a navega\u00e7\u00e3o mar\u00edtima.<\/p>\n<p>A cerim\u00f3nia de lan\u00e7amento decorreu na Dire\u00e7\u00e3o de Far\u00f3is, em Pa\u00e7o de Arcos, tendo contado com a participa\u00e7\u00e3o do autor desta pe\u00e7a enquanto orador, assim como Pedro Gil Miranda de Castro, Comandante e Diretor de Far\u00f3is, Duarte Azinheira, Administrador Executivo da INCM, e Rita Assis, Chefe da Divis\u00e3o de Programa\u00e7\u00e3o Numism\u00e1tica da INCM.<\/p>\n<p>Esta moeda com o valor f\u00e1cil de <strong>5\u20ac<\/strong> conta para j\u00e1 com uma emiss\u00e3o limitada de <strong>1500<\/strong> unidades em Ouro <em>proof<\/em> (Au 999\u2030) e de <strong>30\u00a0000<\/strong> unidades em Cupron\u00edquel (CuNi 75\/25). Em breve ser\u00e1 tamb\u00e9m lan\u00e7ada a vers\u00e3o em Prata proof (Ag 925\u2030), que ter\u00e1 <strong>4000 <\/strong>exemplares dispon\u00edveis para venda.<\/p>\n","protected":false},"excerpt":{"rendered":"<p>Esta quarta-feira, a Casa da Moeda lan\u00e7ou a moeda alusiva ao Farol do Cabo de S\u00e3o Vicente, uma pe\u00e7a de cole\u00e7\u00e3o que inaugurou a s\u00e9rie \u201cFar\u00f3is de Portugal\u201d e que presta tributo \u00e0 grandiosidade deste monumento (ativo desde 1846) com um desenho da autoria do escultor Jos\u00e9 Jo\u00e3o de Brito, que representa a sua import\u00e2ncia [&hellip;]<\/p>\n","protected":false},"author":26,"featured_media":70912,"comment_status":"open","ping_status":"open","sticky":false,"template":"","format":"standard","meta":{"_acf_changed":false,"_et_pb_use_builder":"","_et_pb_old_content":"","_et_gb_content_width":"","footnotes":""},"categories":[20,17],"tags":[],"class_list":["post-70920","post","type-post","status-publish","format-standard","has-post-thumbnail","hentry","category-numismatica","category-eventos"],"acf":[],"_links":{"self":[{"href":"https:\/\/incm.pt\/site\/wp-json\/wp\/v2\/posts\/70920","targetHints":{"allow":["GET"]}}],"collection":[{"href":"https:\/\/incm.pt\/site\/wp-json\/wp\/v2\/posts"}],"about":[{"href":"https:\/\/incm.pt\/site\/wp-json\/wp\/v2\/types\/post"}],"author":[{"embeddable":true,"href":"https:\/\/incm.pt\/site\/wp-json\/wp\/v2\/users\/26"}],"replies":[{"embeddable":true,"href":"https:\/\/incm.pt\/site\/wp-json\/wp\/v2\/comments?post=70920"}],"version-history":[{"count":3,"href":"https:\/\/incm.pt\/site\/wp-json\/wp\/v2\/posts\/70920\/revisions"}],"predecessor-version":[{"id":70923,"href":"https:\/\/incm.pt\/site\/wp-json\/wp\/v2\/posts\/70920\/revisions\/70923"}],"wp:featuredmedia":[{"embeddable":true,"href":"https:\/\/incm.pt\/site\/wp-json\/wp\/v2\/media\/70912"}],"wp:attachment":[{"href":"https:\/\/incm.pt\/site\/wp-json\/wp\/v2\/media?parent=70920"}],"wp:term":[{"taxonomy":"category","embeddable":true,"href":"https:\/\/incm.pt\/site\/wp-json\/wp\/v2\/categories?post=70920"},{"taxonomy":"post_tag","embeddable":true,"href":"https:\/\/incm.pt\/site\/wp-json\/wp\/v2\/tags?post=70920"}],"curies":[{"name":"wp","href":"https:\/\/api.w.org\/{rel}","templated":true}]}}