{"id":70483,"date":"2025-11-07T12:10:42","date_gmt":"2025-11-07T12:10:42","guid":{"rendered":"https:\/\/incm.pt\/site\/?p=70483"},"modified":"2025-11-07T12:10:42","modified_gmt":"2025-11-07T12:10:42","slug":"imprensa-nacional-lanca-nova-colecao-de-livros-sobre-danca","status":"publish","type":"post","link":"https:\/\/incm.pt\/site\/imprensa-nacional-lanca-nova-colecao-de-livros-sobre-danca\/","title":{"rendered":"Imprensa Nacional lan\u00e7a nova cole\u00e7\u00e3o de livros sobre Dan\u00e7a"},"content":{"rendered":"<p>A Imprensa Nacional, chancela editorial da INCM, inaugurou uma nova cole\u00e7\u00e3o:\u00a0<strong>Biblioteca de Dan\u00e7a<\/strong>, um espa\u00e7o dedicado \u00e0 reflex\u00e3o, cria\u00e7\u00e3o e mem\u00f3ria. Esta nova linha editorial nasce do reconhecimento da dan\u00e7a como uma linguagem essencial das artes e da cultura.<\/p>\n<p>Ao reunir obras de core\u00f3grafos, investigadores e ensa\u00edstas, a cole\u00e7\u00e3o pretende dar visibilidade \u00e0 riqueza e diversidade da dan\u00e7a em Portugal e al\u00e9m-fronteiras, aproximando o p\u00fablico das pr\u00e1ticas, hist\u00f3rias e ideias que a comp\u00f5em.<\/p>\n<p>Jos\u00e9 Saportes, coordenador da cole\u00e7\u00e3o, sublinha que os volumes que integram a <strong>Biblioteca de Dan\u00e7a<\/strong> procuram auxiliar os leitores e espectadores de forma a estes estarem mais habilitados a reagir aos espet\u00e1culos a que assistem.<\/p>\n<p>No primeiro volume, <strong><em>Dan\u00e7ar sob o Terceiro Reich<\/em><\/strong>, que corresponde a uma vers\u00e3o condensada do texto redigido na tese de doutoramento em Hist\u00f3ria da autora Laure Guilbert, o leitor \u00e9 levado a um cen\u00e1rio de grande vitalidade da dan\u00e7a expressionista das primeiras d\u00e9cadas do s\u00e9culo XX, sendo descrito em detalhe o momento em que os seus mentores se dispuseram a contribuir para o prest\u00edgio do regime do Terceiro Reich.<\/p>\n<p>Nas palavras da autora, este primeiro volume tem em vista \u00abreintegrar a dan\u00e7a na complexidade da hist\u00f3ria\u00bb.<\/p>\n<p>O pr\u00f3ximo volume esperado na cole\u00e7\u00e3o \u00e9\u00a0<strong><em>Dan\u00e7a Pol\u00edtica no S\u00e9culo XX<\/em><\/strong>., de Maria Jo\u00e3o Castro.<\/p>\n<p>Com esta iniciativa, a Imprensa Nacional, chancela editorial da INCM, refor\u00e7a o seu compromisso com o servi\u00e7o p\u00fablico e com a pluralidade das diversas express\u00f5es art\u00edsticas, contribuindo para que a dan\u00e7a encontre, tamb\u00e9m em livro, um espa\u00e7o de continuidade, partilha e futuro.<\/p>\n","protected":false},"excerpt":{"rendered":"<p>A Imprensa Nacional, chancela editorial da INCM, inaugurou uma nova cole\u00e7\u00e3o:\u00a0Biblioteca de Dan\u00e7a, um espa\u00e7o dedicado \u00e0 reflex\u00e3o, cria\u00e7\u00e3o e mem\u00f3ria. Esta nova linha editorial nasce do reconhecimento da dan\u00e7a como uma linguagem essencial das artes e da cultura. Ao reunir obras de core\u00f3grafos, investigadores e ensa\u00edstas, a cole\u00e7\u00e3o pretende dar visibilidade \u00e0 riqueza e [&hellip;]<\/p>\n","protected":false},"author":26,"featured_media":70479,"comment_status":"open","ping_status":"open","sticky":false,"template":"","format":"standard","meta":{"_acf_changed":false,"_et_pb_use_builder":"","_et_pb_old_content":"","_et_gb_content_width":"","footnotes":""},"categories":[26],"tags":[],"class_list":["post-70483","post","type-post","status-publish","format-standard","has-post-thumbnail","hentry","category-cultura"],"acf":[],"_links":{"self":[{"href":"https:\/\/incm.pt\/site\/wp-json\/wp\/v2\/posts\/70483","targetHints":{"allow":["GET"]}}],"collection":[{"href":"https:\/\/incm.pt\/site\/wp-json\/wp\/v2\/posts"}],"about":[{"href":"https:\/\/incm.pt\/site\/wp-json\/wp\/v2\/types\/post"}],"author":[{"embeddable":true,"href":"https:\/\/incm.pt\/site\/wp-json\/wp\/v2\/users\/26"}],"replies":[{"embeddable":true,"href":"https:\/\/incm.pt\/site\/wp-json\/wp\/v2\/comments?post=70483"}],"version-history":[{"count":1,"href":"https:\/\/incm.pt\/site\/wp-json\/wp\/v2\/posts\/70483\/revisions"}],"predecessor-version":[{"id":70484,"href":"https:\/\/incm.pt\/site\/wp-json\/wp\/v2\/posts\/70483\/revisions\/70484"}],"wp:featuredmedia":[{"embeddable":true,"href":"https:\/\/incm.pt\/site\/wp-json\/wp\/v2\/media\/70479"}],"wp:attachment":[{"href":"https:\/\/incm.pt\/site\/wp-json\/wp\/v2\/media?parent=70483"}],"wp:term":[{"taxonomy":"category","embeddable":true,"href":"https:\/\/incm.pt\/site\/wp-json\/wp\/v2\/categories?post=70483"},{"taxonomy":"post_tag","embeddable":true,"href":"https:\/\/incm.pt\/site\/wp-json\/wp\/v2\/tags?post=70483"}],"curies":[{"name":"wp","href":"https:\/\/api.w.org\/{rel}","templated":true}]}}