{"id":69306,"date":"2025-10-31T14:24:12","date_gmt":"2025-10-31T14:24:12","guid":{"rendered":"https:\/\/incm.pt\/site\/?p=69306"},"modified":"2025-10-31T14:25:52","modified_gmt":"2025-10-31T14:25:52","slug":"premio-compromissum-impacto-atribuido-ao-cartao-de-voluntario","status":"publish","type":"post","link":"https:\/\/incm.pt\/site\/premio-compromissum-impacto-atribuido-ao-cartao-de-voluntario\/","title":{"rendered":"Pr\u00e9mio Compromissum Impacto atribu\u00eddo ao Cart\u00e3o de Volunt\u00e1rio"},"content":{"rendered":"<p>O Cart\u00e3o de Volunt\u00e1rio foi reconhecido com o Pr\u00e9mio Compromissum Impacto, atribu\u00eddo pela C\u00e2mara Municipal da Maia a campanhas e\/ou projetos de voluntariado e solidariedade que, em 2024, tenham tido impacto significativo na comunidade.<\/p>\n<p>O <a href=\"https:\/\/cartaodevoluntario.pt\/\" target=\"_blank\" rel=\"noopener\">Cart\u00e3o de Volunt\u00e1rio<\/a> \u00e9 uma plataforma que permite o registo de todos os volunt\u00e1rios do pa\u00eds, assim como as horas de voluntariado realizadas para as institui\u00e7\u00f5es aderentes. Com o registo dessas horas os volunt\u00e1rios podem ajudar as institui\u00e7\u00f5es com benef\u00edcios dos v\u00e1rios parceiros associados a esta iniciativa.<\/p>\n<p>Esta ferramenta \u00e9 uma iniciativa da associa\u00e7\u00e3o ENTRAJUDA, em parceria com a CASES &#8211; Cooperativa Ant\u00f3nio S\u00e9rgio para a Economia Social e a CPV &#8211; Confedera\u00e7\u00e3o Portuguesa do Voluntariado, com tecnologia desenvolvida pela Imprensa Nacional-Casa da Moeda (INCM).<\/p>\n","protected":false},"excerpt":{"rendered":"<p>O Cart\u00e3o de Volunt\u00e1rio foi reconhecido com o Pr\u00e9mio Compromissum Impacto, atribu\u00eddo pela C\u00e2mara Municipal da Maia a campanhas e\/ou projetos de voluntariado e solidariedade que, em 2024, tenham tido impacto significativo na comunidade. O Cart\u00e3o de Volunt\u00e1rio \u00e9 uma plataforma que permite o registo de todos os volunt\u00e1rios do pa\u00eds, assim como as horas [&hellip;]<\/p>\n","protected":false},"author":16,"featured_media":69307,"comment_status":"open","ping_status":"open","sticky":false,"template":"","format":"standard","meta":{"_acf_changed":false,"_et_pb_use_builder":"","_et_pb_old_content":"","_et_gb_content_width":"","footnotes":""},"categories":[191],"tags":[],"class_list":["post-69306","post","type-post","status-publish","format-standard","has-post-thumbnail","hentry","category-responsabilidade-social"],"acf":[],"_links":{"self":[{"href":"https:\/\/incm.pt\/site\/wp-json\/wp\/v2\/posts\/69306","targetHints":{"allow":["GET"]}}],"collection":[{"href":"https:\/\/incm.pt\/site\/wp-json\/wp\/v2\/posts"}],"about":[{"href":"https:\/\/incm.pt\/site\/wp-json\/wp\/v2\/types\/post"}],"author":[{"embeddable":true,"href":"https:\/\/incm.pt\/site\/wp-json\/wp\/v2\/users\/16"}],"replies":[{"embeddable":true,"href":"https:\/\/incm.pt\/site\/wp-json\/wp\/v2\/comments?post=69306"}],"version-history":[{"count":2,"href":"https:\/\/incm.pt\/site\/wp-json\/wp\/v2\/posts\/69306\/revisions"}],"predecessor-version":[{"id":69312,"href":"https:\/\/incm.pt\/site\/wp-json\/wp\/v2\/posts\/69306\/revisions\/69312"}],"wp:featuredmedia":[{"embeddable":true,"href":"https:\/\/incm.pt\/site\/wp-json\/wp\/v2\/media\/69307"}],"wp:attachment":[{"href":"https:\/\/incm.pt\/site\/wp-json\/wp\/v2\/media?parent=69306"}],"wp:term":[{"taxonomy":"category","embeddable":true,"href":"https:\/\/incm.pt\/site\/wp-json\/wp\/v2\/categories?post=69306"},{"taxonomy":"post_tag","embeddable":true,"href":"https:\/\/incm.pt\/site\/wp-json\/wp\/v2\/tags?post=69306"}],"curies":[{"name":"wp","href":"https:\/\/api.w.org\/{rel}","templated":true}]}}