{"id":68908,"date":"2025-10-23T15:04:16","date_gmt":"2025-10-23T15:04:16","guid":{"rendered":"https:\/\/incm.pt\/site\/?p=68908"},"modified":"2025-10-23T15:06:21","modified_gmt":"2025-10-23T15:06:21","slug":"galeria-de-arte-urbana-inaugurada-no-bairro-do-zambujal-conta-com-apoio-da-incm","status":"publish","type":"post","link":"https:\/\/incm.pt\/site\/galeria-de-arte-urbana-inaugurada-no-bairro-do-zambujal-conta-com-apoio-da-incm\/","title":{"rendered":"Galeria de arte urbana inaugurada no bairro do Zambujal conta com apoio da INCM"},"content":{"rendered":"<p>A Imprensa Nacional-Casa da Moeda (INCM) esteve ontem presente na inaugura\u00e7\u00e3o da galeria de arte urbana dedicada aos 17 Objetivos de Desenvolvimento Sustent\u00e1vel (ODS) das Na\u00e7\u00f5es Unidas no bairro do Zambujal.<\/p>\n<p>Este projeto pioneiro, promovido pelas associa\u00e7\u00f5es <a href=\"https:\/\/adgentes.org.pt\/\" target=\"_blank\" rel=\"noopener\">Ad Gentes<\/a> e <a href=\"https:\/\/www.cazambujal.org\/\" target=\"_blank\" rel=\"noopener\">CAZAmbujal<\/a>, que alia arte e responsabilidade social, conta com o apoio de v\u00e1rias entidades nacionais, entre elas a INCM, que recebeu o diploma de Embaixador Zambujal 360 durante o evento.<\/p>\n<p>O projeto da galeria urbana foi concebido em 2021, financiado nos dois anos seguintes e executado entre 2023 e 2025, em fachadas de alguns edif\u00edcios do bairro. Cada pintura relaciona-se com um dos 17 ODS, mas tamb\u00e9m com vidas concretas de pessoas que vivem no Zambujal.<\/p>\n","protected":false},"excerpt":{"rendered":"<p>A Imprensa Nacional-Casa da Moeda (INCM) esteve ontem presente na inaugura\u00e7\u00e3o da galeria de arte urbana dedicada aos 17 Objetivos de Desenvolvimento Sustent\u00e1vel (ODS) das Na\u00e7\u00f5es Unidas no bairro do Zambujal. Este projeto pioneiro, promovido pelas associa\u00e7\u00f5es Ad Gentes e CAZAmbujal, que alia arte e responsabilidade social, conta com o apoio de v\u00e1rias entidades nacionais, [&hellip;]<\/p>\n","protected":false},"author":16,"featured_media":68909,"comment_status":"open","ping_status":"open","sticky":false,"template":"","format":"standard","meta":{"_acf_changed":false,"_et_pb_use_builder":"","_et_pb_old_content":"","_et_gb_content_width":"","footnotes":""},"categories":[191,173],"tags":[],"class_list":["post-68908","post","type-post","status-publish","format-standard","has-post-thumbnail","hentry","category-responsabilidade-social","category-sustentabilidade"],"acf":[],"_links":{"self":[{"href":"https:\/\/incm.pt\/site\/wp-json\/wp\/v2\/posts\/68908","targetHints":{"allow":["GET"]}}],"collection":[{"href":"https:\/\/incm.pt\/site\/wp-json\/wp\/v2\/posts"}],"about":[{"href":"https:\/\/incm.pt\/site\/wp-json\/wp\/v2\/types\/post"}],"author":[{"embeddable":true,"href":"https:\/\/incm.pt\/site\/wp-json\/wp\/v2\/users\/16"}],"replies":[{"embeddable":true,"href":"https:\/\/incm.pt\/site\/wp-json\/wp\/v2\/comments?post=68908"}],"version-history":[{"count":3,"href":"https:\/\/incm.pt\/site\/wp-json\/wp\/v2\/posts\/68908\/revisions"}],"predecessor-version":[{"id":68915,"href":"https:\/\/incm.pt\/site\/wp-json\/wp\/v2\/posts\/68908\/revisions\/68915"}],"wp:featuredmedia":[{"embeddable":true,"href":"https:\/\/incm.pt\/site\/wp-json\/wp\/v2\/media\/68909"}],"wp:attachment":[{"href":"https:\/\/incm.pt\/site\/wp-json\/wp\/v2\/media?parent=68908"}],"wp:term":[{"taxonomy":"category","embeddable":true,"href":"https:\/\/incm.pt\/site\/wp-json\/wp\/v2\/categories?post=68908"},{"taxonomy":"post_tag","embeddable":true,"href":"https:\/\/incm.pt\/site\/wp-json\/wp\/v2\/tags?post=68908"}],"curies":[{"name":"wp","href":"https:\/\/api.w.org\/{rel}","templated":true}]}}