{"id":6150,"date":"2022-09-05T10:14:55","date_gmt":"2022-09-05T10:14:55","guid":{"rendered":"https:\/\/incm.pt\/site\/?p=6150"},"modified":"2023-01-11T10:48:45","modified_gmt":"2023-01-11T10:48:45","slug":"incm-apresenta-2-a-edicao-do-premio-jornalismo-de-excelencia-vicente-jorge-silva","status":"publish","type":"post","link":"https:\/\/incm.pt\/site\/incm-apresenta-2-a-edicao-do-premio-jornalismo-de-excelencia-vicente-jorge-silva\/","title":{"rendered":"INCM APRESENTA 2.\u00aa EDI\u00c7\u00c3O DO PR\u00c9MIO JORNALISMO DE EXCEL\u00caNCIA VICENTE JORGE SILVA"},"content":{"rendered":"<p>A Imprensa Nacional-Casa da Moeda (INCM), em parceria com o Clube de Jornalistas, lan\u00e7a hoje a 2.\u00aa edi\u00e7\u00e3o do Pr\u00e9mio Jornalismo de Excel\u00eancia Vicente Jorge. Esta iniciativa celebra n\u00e3o s\u00f3 a import\u00e2ncia da informa\u00e7\u00e3o na constru\u00e7\u00e3o de uma sociedade mais participativa e democr\u00e1tica, como tamb\u00e9m presta homenagem a Vicente Jorge Silva, um nome incontorn\u00e1vel da hist\u00f3ria contempor\u00e2nea do jornalismo em Portugal. Ap\u00f3s o enorme sucesso da 1.\u00aa edi\u00e7\u00e3o realizada no ano passado, esta nova edi\u00e7\u00e3o conta ainda ter mais alcance e mais candidaturas.<\/p>\n<p>Distin\u00e7\u00e3o, investiga\u00e7\u00e3o, an\u00e1lise e informa\u00e7\u00e3o s\u00e3o os eixos de atua\u00e7\u00e3o do Pr\u00e9mio Jornalismo de Excel\u00eancia Vicente Jorge Silva, e Relev\u00e2ncia, Rigor e Qualidade s\u00e3o os valores centrais desta iniciativa. Este pr\u00e9mio tem como principal objetivo a distin\u00e7\u00e3o de trabalhos que representem os diferentes estilos jornal\u00edsticos da imprensa escrita, seja atrav\u00e9s da investiga\u00e7\u00e3o, da reportagem ou da an\u00e1lise.<\/p>\n<p>Na 1.\u00aa edi\u00e7\u00e3o do Pr\u00e9mio Jornalismo de Excel\u00eancia Vicente Jorge Silva foram recebidas 52 pe\u00e7as jornal\u00edsticas, de todos os estilos, desenvolvidas por 53 profissionais. O artigo vencedor, \u201cEstados Unidos da Am\u00e9rica, cr\u00f3nica de uma (des)uni\u00e3o\u201d, da autoria de Isabel Lucas, leva-nos \u00e0 descoberta de um pa\u00eds que, desde a sua funda\u00e7\u00e3o, lida com a desuni\u00e3o. Contou ainda com duas men\u00e7\u00f5es honrosas atribu\u00eddas \u00e0s pe\u00e7as \u201cVoltar a Marchar\u201d, de Raquel Moleiro e Tiago Miranda, e \u201cLuanda Leaks. Como Isabel dos Santos desviou mais de 100 milh\u00f5es de d\u00f3lares da Sonangol para o Dubai\u201d, de Micael Pereira e Lu\u00eds Garriapa.<\/p>\n<p>\u201cA defesa da l\u00edngua e da cultura portuguesas e a constru\u00e7\u00e3o de uma sociedade livre e informada, s\u00e3o para a INCM, valores fundamentais que t\u00eam sido preservados ao longo dos v\u00e1rios s\u00e9culos da sua atividade. O Pr\u00e9mio Vicente Jorge Silva, al\u00e9m de homenagear uma figura incontorn\u00e1vel do jornalismo portugu\u00eas, \u00e9 a representa\u00e7\u00e3o de uma miss\u00e3o maior que transporta o legado do passado para as gera\u00e7\u00f5es futuras.\u201d, referem Dora Moita e Alcides Gama, do Conselho de Administra\u00e7\u00e3o da INCM.<\/p>\n<p>Realizada pela INCM, em parceria com o Clube de Jornalistas, a 2.\u00aa edi\u00e7\u00e3o atribuir\u00e1 uma bolsa para investiga\u00e7\u00e3o jornal\u00edstica no valor de 5.000 euros \u00e0 pe\u00e7a vencedora. S\u00e3o consideradas todas as candidaturas apresentadas por profissionais de jornalismo \u2013 titulares de Carteira Profissional, Cart\u00e3o equiparado a Jornalista, Cart\u00e3o de correspondente estrangeiro ou T\u00edtulo Provis\u00f3rio de Estagi\u00e1rio, nacionais ou internacionais.<\/p>\n<p>As candidaturas, que poder\u00e3o ser realizadas em regime de coautoria, dever\u00e3o ter sido publicadas na imprensa escrita, entre o per\u00edodo de 1 de janeiro a 31 de dezembro de 2021, em \u00f3rg\u00e3os de comunica\u00e7\u00e3o social portugueses. Os trabalhos podem versar temas nacionais ou internacionais, devendo ser apresentados em l\u00edngua portuguesa, como l\u00edngua original, independentemente da nacionalidade dos seus autores.<\/p>\n<p>As candidaturas s\u00e3o realizadas online, no site dedicado ao Pr\u00e9mio, em\u00a0<a href=\"https:\/\/premiovicentejorgesilva.pt\/\" target=\"_blank\" rel=\"noopener\">premiovicentejorgesilva.pt<\/a>, onde se encontra dispon\u00edvel toda a informa\u00e7\u00e3o e regulamento.<\/p>\n","protected":false},"excerpt":{"rendered":"<p>A Imprensa Nacional-Casa da Moeda (INCM), em parceria com o Clube de Jornalistas, lan\u00e7a hoje a 2.\u00aa edi\u00e7\u00e3o do Pr\u00e9mio Jornalismo de Excel\u00eancia Vicente Jorge. Esta iniciativa celebra n\u00e3o s\u00f3 a import\u00e2ncia da informa\u00e7\u00e3o na constru\u00e7\u00e3o de uma sociedade mais participativa e democr\u00e1tica, como tamb\u00e9m presta homenagem a Vicente Jorge Silva, um nome incontorn\u00e1vel da [&hellip;]<\/p>\n","protected":false},"author":1,"featured_media":6152,"comment_status":"open","ping_status":"open","sticky":false,"template":"","format":"standard","meta":{"_acf_changed":false,"_et_pb_use_builder":"off","_et_pb_old_content":"A Imprensa Nacional-Casa da Moeda (INCM), em parceria com o Clube de Jornalistas, lan\u00e7a hoje a 2.\u00aa edi\u00e7\u00e3o do Pr\u00e9mio Jornalismo de Excel\u00eancia Vicente Jorge. Esta iniciativa celebra n\u00e3o s\u00f3 a import\u00e2ncia da informa\u00e7\u00e3o na constru\u00e7\u00e3o de uma sociedade mais participativa e democr\u00e1tica, como tamb\u00e9m presta homenagem a Vicente Jorge Silva, um nome incontorn\u00e1vel da hist\u00f3ria contempor\u00e2nea do jornalismo em Portugal. Ap\u00f3s o enorme sucesso da 1.\u00aa edi\u00e7\u00e3o realizada no ano passado, esta nova edi\u00e7\u00e3o conta ainda ter mais alcance e mais candidaturas.\r\n\r\nDistin\u00e7\u00e3o, investiga\u00e7\u00e3o, an\u00e1lise e informa\u00e7\u00e3o s\u00e3o os eixos de atua\u00e7\u00e3o do Pr\u00e9mio Jornalismo de Excel\u00eancia Vicente Jorge Silva, e Relev\u00e2ncia, Rigor e Qualidade s\u00e3o os valores centrais desta iniciativa. Este pr\u00e9mio tem como principal objetivo a distin\u00e7\u00e3o de trabalhos que representem os diferentes estilos jornal\u00edsticos da imprensa escrita, seja atrav\u00e9s da investiga\u00e7\u00e3o, da reportagem ou da an\u00e1lise.\r\n\r\nNa 1.\u00aa edi\u00e7\u00e3o do Pr\u00e9mio Jornalismo de Excel\u00eancia Vicente Jorge Silva foram recebidas 52 pe\u00e7as jornal\u00edsticas, de todos os estilos, desenvolvidas por 53 profissionais. O artigo vencedor, \u201cEstados Unidos da Am\u00e9rica, cr\u00f3nica de uma (des)uni\u00e3o\u201d, da autoria de Isabel Lucas, leva-nos \u00e0 descoberta de um pa\u00eds que, desde a sua funda\u00e7\u00e3o, lida com a desuni\u00e3o. Contou ainda com duas men\u00e7\u00f5es honrosas atribu\u00eddas \u00e0s pe\u00e7as \u201cVoltar a Marchar\u201d, de Raquel Moleiro e Tiago Miranda, e \u201cLuanda Leaks. Como Isabel dos Santos desviou mais de 100 milh\u00f5es de d\u00f3lares da Sonangol para o Dubai\u201d, de Micael Pereira e Lu\u00eds Garriapa.\r\n\r\n\u201cA defesa da l\u00edngua e da cultura portuguesas e a constru\u00e7\u00e3o de uma sociedade livre e informada, s\u00e3o para a INCM, valores fundamentais que t\u00eam sido preservados ao longo dos v\u00e1rios s\u00e9culos da sua atividade. O Pr\u00e9mio Vicente Jorge Silva, al\u00e9m de homenagear uma figura incontorn\u00e1vel do jornalismo portugu\u00eas, \u00e9 a representa\u00e7\u00e3o de uma miss\u00e3o maior que transporta o legado do passado para as gera\u00e7\u00f5es futuras.\u201d, referem Dora Moita e Alcides Gama, do Conselho de Administra\u00e7\u00e3o da INCM.\r\n\r\nRealizada pela INCM, em parceria com o Clube de Jornalistas, a 2.\u00aa edi\u00e7\u00e3o atribuir\u00e1 uma bolsa para investiga\u00e7\u00e3o jornal\u00edstica no valor de 5.000 euros \u00e0 pe\u00e7a vencedora. S\u00e3o consideradas todas as candidaturas apresentadas por profissionais de jornalismo \u2013 titulares de Carteira Profissional, Cart\u00e3o equiparado a Jornalista, Cart\u00e3o de correspondente estrangeiro ou T\u00edtulo Provis\u00f3rio de Estagi\u00e1rio, nacionais ou internacionais.\r\n\r\nAs candidaturas, que poder\u00e3o ser realizadas em regime de coautoria, dever\u00e3o ter sido publicadas na imprensa escrita, entre o per\u00edodo de 1 de janeiro a 31 de dezembro de 2021, em \u00f3rg\u00e3os de comunica\u00e7\u00e3o social portugueses. Os trabalhos podem versar temas nacionais ou internacionais, devendo ser apresentados em l\u00edngua portuguesa, como l\u00edngua original, independentemente da nacionalidade dos seus autores.\r\n\r\nAs candidaturas s\u00e3o realizadas online, no site dedicado ao Pr\u00e9mio, em\u00a0<a href=\"https:\/\/premiovicentejorgesilva.pt\/\">premiovicentejorgesilva.pt<\/a>, onde se encontra dispon\u00edvel toda a informa\u00e7\u00e3o e regulamento.","_et_gb_content_width":"","footnotes":""},"categories":[19],"tags":[],"class_list":["post-6150","post","type-post","status-publish","format-standard","has-post-thumbnail","hentry","category-institucional"],"acf":[],"_links":{"self":[{"href":"https:\/\/incm.pt\/site\/wp-json\/wp\/v2\/posts\/6150","targetHints":{"allow":["GET"]}}],"collection":[{"href":"https:\/\/incm.pt\/site\/wp-json\/wp\/v2\/posts"}],"about":[{"href":"https:\/\/incm.pt\/site\/wp-json\/wp\/v2\/types\/post"}],"author":[{"embeddable":true,"href":"https:\/\/incm.pt\/site\/wp-json\/wp\/v2\/users\/1"}],"replies":[{"embeddable":true,"href":"https:\/\/incm.pt\/site\/wp-json\/wp\/v2\/comments?post=6150"}],"version-history":[{"count":0,"href":"https:\/\/incm.pt\/site\/wp-json\/wp\/v2\/posts\/6150\/revisions"}],"wp:featuredmedia":[{"embeddable":true,"href":"https:\/\/incm.pt\/site\/wp-json\/wp\/v2\/media\/6152"}],"wp:attachment":[{"href":"https:\/\/incm.pt\/site\/wp-json\/wp\/v2\/media?parent=6150"}],"wp:term":[{"taxonomy":"category","embeddable":true,"href":"https:\/\/incm.pt\/site\/wp-json\/wp\/v2\/categories?post=6150"},{"taxonomy":"post_tag","embeddable":true,"href":"https:\/\/incm.pt\/site\/wp-json\/wp\/v2\/tags?post=6150"}],"curies":[{"name":"wp","href":"https:\/\/api.w.org\/{rel}","templated":true}]}}