{"id":6145,"date":"2022-09-05T10:13:36","date_gmt":"2022-09-05T10:13:36","guid":{"rendered":"https:\/\/incm.pt\/site\/?p=6145"},"modified":"2023-01-11T10:46:12","modified_gmt":"2023-01-11T10:46:12","slug":"as-edicoes-imprensa-nacional-vao-estar-presentes-nas-feiras-do-livro-de-lisboa-e-porto","status":"publish","type":"post","link":"https:\/\/incm.pt\/site\/as-edicoes-imprensa-nacional-vao-estar-presentes-nas-feiras-do-livro-de-lisboa-e-porto\/","title":{"rendered":"AS EDI\u00c7\u00d5ES IMPRENSA NACIONAL V\u00c3O ESTAR PRESENTES NAS FEIRAS DO LIVRO DE LISBOA E PORTO"},"content":{"rendered":"<p>A 92.\u00aa edi\u00e7\u00e3o da Feira do Livro de Lisboa abre hoje ao p\u00fablico, no Parque Eduardo VII, onde permanecer\u00e1 at\u00e9 ao dia 11 de setembro. A INCM, que marca presen\u00e7a no evento desde 1972, vai ocupar os stands B46 e B48, onde disponibilizar\u00e1 o cat\u00e1logo de edi\u00e7\u00f5es Imprensa Nacional, com muitas novidades e descontos em v\u00e1rios t\u00edtulos.<\/p>\n<p>Amanh\u00e3 come\u00e7a tamb\u00e9m mais uma edi\u00e7\u00e3o da Feira do Livro do Porto, que decorre igualmente at\u00e9 dia 11 de setembro, nos Jardins do Pal\u00e1cio de Cristal, onde os visitantes poder\u00e3o descobrir, nos stands 6 e 7, as edi\u00e7\u00f5es Imprensa Nacional.<\/p>\n<p><span class=\"bold\">Hor\u00e1rios da Feira do Livro de Lisboa 2022<\/span><\/p>\n<p>2.\u00aa a 5.\u00aa feira das 12h30 \u00e0s 22h; 6.\u00aa feira das 12h30 \u00e0s 24h; s\u00e1bados das 11h \u00e0s 24h e domingos das 11h \u00e0s 22h.<\/p>\n<p>Para mais informa\u00e7\u00f5es sobre este evento consulte o site da\u00a0<a href=\"https:\/\/feiradolivrodelisboa.pt\/\" target=\"_blank\" rel=\"noopener\">Feira do Livro de Lisboa<\/a>.<\/p>\n<p><span class=\"bold\">Hor\u00e1rios da Feira do Livro do Porto 2022<\/span><\/p>\n<p>2.\u00aa a 5.\u00aa feira das 12h \u00e0s 21h; 6.\u00aa feira das 12h \u00e0s 23h; s\u00e1bados das 11h \u00e0s 23h e domingos das 11h \u00e0s 21h.<\/p>\n<p>Para mais informa\u00e7\u00f5es sobre este evento consulte o site da\u00a0<a href=\"https:\/\/feiradolivro.porto.pt\/\" target=\"_blank\" rel=\"noopener\">Feira do Livro do Porto<\/a>.<\/p>\n","protected":false},"excerpt":{"rendered":"<p>A 92.\u00aa edi\u00e7\u00e3o da Feira do Livro de Lisboa abre hoje ao p\u00fablico, no Parque Eduardo VII, onde permanecer\u00e1 at\u00e9 ao dia 11 de setembro. A INCM, que marca presen\u00e7a no evento desde 1972, vai ocupar os stands B46 e B48, onde disponibilizar\u00e1 o cat\u00e1logo de edi\u00e7\u00f5es Imprensa Nacional, com muitas novidades e descontos em [&hellip;]<\/p>\n","protected":false},"author":1,"featured_media":6147,"comment_status":"open","ping_status":"open","sticky":false,"template":"","format":"standard","meta":{"_acf_changed":false,"_et_pb_use_builder":"off","_et_pb_old_content":"A 92.\u00aa edi\u00e7\u00e3o da Feira do Livro de Lisboa abre hoje ao p\u00fablico, no Parque Eduardo VII, onde permanecer\u00e1 at\u00e9 ao dia 11 de setembro. A INCM, que marca presen\u00e7a no evento desde 1972, vai ocupar os stands B46 e B48, onde disponibilizar\u00e1 o cat\u00e1logo de edi\u00e7\u00f5es Imprensa Nacional, com muitas novidades e descontos em v\u00e1rios t\u00edtulos.\r\n\r\nAmanh\u00e3 come\u00e7a tamb\u00e9m mais uma edi\u00e7\u00e3o da Feira do Livro do Porto, que decorre igualmente at\u00e9 dia 11 de setembro, nos Jardins do Pal\u00e1cio de Cristal, onde os visitantes poder\u00e3o descobrir, nos stands 6 e 7, as edi\u00e7\u00f5es Imprensa Nacional.\r\n\r\n<span class=\"bold\">Hor\u00e1rios da Feira do Livro de Lisboa 2022<\/span>\r\n\r\n2.\u00aa a 5.\u00aa feira das 12h30 \u00e0s 22h; 6.\u00aa feira das 12h30 \u00e0s 24h; s\u00e1bados das 11h \u00e0s 24h e domingos das 11h \u00e0s 22h.\r\n\r\nPara mais informa\u00e7\u00f5es sobre este evento consulte o site da\u00a0<a href=\"https:\/\/feiradolivrodelisboa.pt\/\">Feira do Livro de Lisboa<\/a>.\r\n\r\n<span class=\"bold\">Hor\u00e1rios da Feira do Livro do Porto 2022<\/span>\r\n\r\n2.\u00aa a 5.\u00aa feira das 12h \u00e0s 21h; 6.\u00aa feira das 12h \u00e0s 23h; s\u00e1bados das 11h \u00e0s 23h e domingos das 11h \u00e0s 21h.\r\n\r\nPara mais informa\u00e7\u00f5es sobre este evento consulte o site da\u00a0<a href=\"https:\/\/feiradolivro.porto.pt\/\">Feira do Livro do Porto<\/a>.","_et_gb_content_width":"","footnotes":""},"categories":[26],"tags":[],"class_list":["post-6145","post","type-post","status-publish","format-standard","has-post-thumbnail","hentry","category-cultura"],"acf":[],"_links":{"self":[{"href":"https:\/\/incm.pt\/site\/wp-json\/wp\/v2\/posts\/6145","targetHints":{"allow":["GET"]}}],"collection":[{"href":"https:\/\/incm.pt\/site\/wp-json\/wp\/v2\/posts"}],"about":[{"href":"https:\/\/incm.pt\/site\/wp-json\/wp\/v2\/types\/post"}],"author":[{"embeddable":true,"href":"https:\/\/incm.pt\/site\/wp-json\/wp\/v2\/users\/1"}],"replies":[{"embeddable":true,"href":"https:\/\/incm.pt\/site\/wp-json\/wp\/v2\/comments?post=6145"}],"version-history":[{"count":0,"href":"https:\/\/incm.pt\/site\/wp-json\/wp\/v2\/posts\/6145\/revisions"}],"wp:featuredmedia":[{"embeddable":true,"href":"https:\/\/incm.pt\/site\/wp-json\/wp\/v2\/media\/6147"}],"wp:attachment":[{"href":"https:\/\/incm.pt\/site\/wp-json\/wp\/v2\/media?parent=6145"}],"wp:term":[{"taxonomy":"category","embeddable":true,"href":"https:\/\/incm.pt\/site\/wp-json\/wp\/v2\/categories?post=6145"},{"taxonomy":"post_tag","embeddable":true,"href":"https:\/\/incm.pt\/site\/wp-json\/wp\/v2\/tags?post=6145"}],"curies":[{"name":"wp","href":"https:\/\/api.w.org\/{rel}","templated":true}]}}