{"id":53293,"date":"2025-10-16T11:23:55","date_gmt":"2025-10-16T11:23:55","guid":{"rendered":"https:\/\/incm.pt\/site\/?p=53293"},"modified":"2025-10-16T11:23:55","modified_gmt":"2025-10-16T11:23:55","slug":"lancamento-da-moeda-de-colecao-fenix","status":"publish","type":"post","link":"https:\/\/incm.pt\/site\/lancamento-da-moeda-de-colecao-fenix\/","title":{"rendered":"Lan\u00e7amento da moeda de cole\u00e7\u00e3o \u00abF\u00e9nix\u00bb"},"content":{"rendered":"<p>A <a href=\"https:\/\/loja.incm.pt\/collections\/fenix\">moeda de cole\u00e7\u00e3o alusiva \u00e0 \u00abF\u00e9nix\u00bb<\/a>, ave m\u00edtica e s\u00edmbolo de regenera\u00e7\u00e3o, que d\u00e1 continuidade \u00e0 s\u00e9rie \u00abHer\u00f3is e Criaturas da Mitologia\u00bb cunhada pela Casa da Moeda, foi ontem apresentada ao p\u00fablico na Biblioteca da Imprensa Nacional.<\/p>\n<p>A sess\u00e3o contou com a presen\u00e7a da autora da moeda, a ilustradora Ana Biscaia, e tamb\u00e9m de Rodrigo Vieira Dias, autor do texto do livro infantojuvenil <a href=\"https:\/\/loja.incm.pt\/products\/a-fenix-e-o-unicornio-a-historia-que-ulisses-nao-contou-1026854?_pos=1&amp;_sid=bb527b60c&amp;_ss=r\"><em>A F\u00e9nix e o Unic\u00f3rnio \u2014 A Hist\u00f3ria que Ulisses n\u00e3o contou<\/em><\/a>, que integra a cole\u00e7\u00e3o Museu Casa da Moeda, editada pela Imprensa Nacional.<\/p>\n<p>A moeda tem o valor facial de 5\u20ac e conta com uma emiss\u00e3o limitada a 1500 exemplares em ouro 999\u2030 com acabamento especial <em>proof <\/em>(prova numism\u00e1tica), 3000 exemplares em prata 925\u2030, tamb\u00e9m em <em>proof<\/em>, e 30 000 unidades em cupron\u00edquel com acabamento normal.<\/p>\n","protected":false},"excerpt":{"rendered":"<p>A moeda de cole\u00e7\u00e3o alusiva \u00e0 \u00abF\u00e9nix\u00bb, ave m\u00edtica e s\u00edmbolo de regenera\u00e7\u00e3o, que d\u00e1 continuidade \u00e0 s\u00e9rie \u00abHer\u00f3is e Criaturas da Mitologia\u00bb cunhada pela Casa da Moeda, foi ontem apresentada ao p\u00fablico na Biblioteca da Imprensa Nacional. A sess\u00e3o contou com a presen\u00e7a da autora da moeda, a ilustradora Ana Biscaia, e tamb\u00e9m de [&hellip;]<\/p>\n","protected":false},"author":16,"featured_media":53294,"comment_status":"open","ping_status":"open","sticky":false,"template":"","format":"standard","meta":{"_acf_changed":false,"_et_pb_use_builder":"","_et_pb_old_content":"","_et_gb_content_width":"","footnotes":""},"categories":[20],"tags":[],"class_list":["post-53293","post","type-post","status-publish","format-standard","has-post-thumbnail","hentry","category-numismatica"],"acf":[],"_links":{"self":[{"href":"https:\/\/incm.pt\/site\/wp-json\/wp\/v2\/posts\/53293","targetHints":{"allow":["GET"]}}],"collection":[{"href":"https:\/\/incm.pt\/site\/wp-json\/wp\/v2\/posts"}],"about":[{"href":"https:\/\/incm.pt\/site\/wp-json\/wp\/v2\/types\/post"}],"author":[{"embeddable":true,"href":"https:\/\/incm.pt\/site\/wp-json\/wp\/v2\/users\/16"}],"replies":[{"embeddable":true,"href":"https:\/\/incm.pt\/site\/wp-json\/wp\/v2\/comments?post=53293"}],"version-history":[{"count":1,"href":"https:\/\/incm.pt\/site\/wp-json\/wp\/v2\/posts\/53293\/revisions"}],"predecessor-version":[{"id":53298,"href":"https:\/\/incm.pt\/site\/wp-json\/wp\/v2\/posts\/53293\/revisions\/53298"}],"wp:featuredmedia":[{"embeddable":true,"href":"https:\/\/incm.pt\/site\/wp-json\/wp\/v2\/media\/53294"}],"wp:attachment":[{"href":"https:\/\/incm.pt\/site\/wp-json\/wp\/v2\/media?parent=53293"}],"wp:term":[{"taxonomy":"category","embeddable":true,"href":"https:\/\/incm.pt\/site\/wp-json\/wp\/v2\/categories?post=53293"},{"taxonomy":"post_tag","embeddable":true,"href":"https:\/\/incm.pt\/site\/wp-json\/wp\/v2\/tags?post=53293"}],"curies":[{"name":"wp","href":"https:\/\/api.w.org\/{rel}","templated":true}]}}