{"id":48101,"date":"2025-09-25T11:43:38","date_gmt":"2025-09-25T11:43:38","guid":{"rendered":"https:\/\/incm.pt\/site\/?p=48101"},"modified":"2025-09-25T11:43:38","modified_gmt":"2025-09-25T11:43:38","slug":"casa-da-moeda-apresenta-moeda-para-celebrar-o-desenvolvimento-sustentavel","status":"publish","type":"post","link":"https:\/\/incm.pt\/site\/casa-da-moeda-apresenta-moeda-para-celebrar-o-desenvolvimento-sustentavel\/","title":{"rendered":"Casa da Moeda apresenta moeda para celebrar o Desenvolvimento Sustent\u00e1vel"},"content":{"rendered":"<p>A moeda corrente comemorativa \u00abDesenvolvimento Sustent\u00e1vel\u00bb, desenhada pela gravadora numism\u00e1tica Carolina Ladeira, foi ontem apresentada ao p\u00fablico no \u00e1trio das oficinas da Casa da Moeda.<\/p>\n<p>A sess\u00e3o, que contou com a presen\u00e7a da autora, iniciou com uma elocu\u00e7\u00e3o de boas-vindas de Duarte Azinheira, administrador executivo da Imprensa Nacional-Cada da Moeda (INCM), que real\u00e7ou a import\u00e2ncia da moeda, enquanto objeto pleno de significado simb\u00f3lico e cultural.<\/p>\n<p>Seguiram-se interven\u00e7\u00f5es em torno do tema da Sustentabilidade por parte de Ant\u00f3nio Ferrari, em representa\u00e7\u00e3o da Organiza\u00e7\u00e3o das Na\u00e7\u00f5es Unidas, de Pedro Amaral Fraz\u00e3o, vice-presidente do GRACE \u2013 Empresas Respons\u00e1veis, e de Patr\u00edcia Martinho, diretora de Sustentabilidade e Risco da INCM. A concluir a apresenta\u00e7\u00e3o da moeda, houve ainda lugar para algumas palavras de Dora Moita, Presidente do Conselho de Administra\u00e7\u00e3o da INCM, sublinhando que \u00aba sustentabilidade \u00e9 tamb\u00e9m a forma de estar da INCM no seu dia-a-dia\u00bb.<\/p>\n<p>Esta <a href=\"https:\/\/loja.incm.pt\/collections\/desenvolvimento-sustentavel\">moeda comemorativa<\/a>, com o valor facial de 2\u20ac, assinala os 10 anos da Agenda 2030 para o Desenvolvimento Sustent\u00e1vel e conta com uma emiss\u00e3o limitada a 7500 exemplares com acabamento especial <em>proof <\/em>(prova numism\u00e1tica), 7500 exemplares com acabamento especial BNC (brilhante n\u00e3o circulada) e 500 000 unidades com acabamento normal.<\/p>\n","protected":false},"excerpt":{"rendered":"<p>A moeda corrente comemorativa \u00abDesenvolvimento Sustent\u00e1vel\u00bb, desenhada pela gravadora numism\u00e1tica Carolina Ladeira, foi ontem apresentada ao p\u00fablico no \u00e1trio das oficinas da Casa da Moeda. A sess\u00e3o, que contou com a presen\u00e7a da autora, iniciou com uma elocu\u00e7\u00e3o de boas-vindas de Duarte Azinheira, administrador executivo da Imprensa Nacional-Cada da Moeda (INCM), que real\u00e7ou a import\u00e2ncia [&hellip;]<\/p>\n","protected":false},"author":16,"featured_media":48102,"comment_status":"open","ping_status":"open","sticky":false,"template":"","format":"standard","meta":{"_acf_changed":false,"_et_pb_use_builder":"","_et_pb_old_content":"","_et_gb_content_width":"","footnotes":""},"categories":[20],"tags":[],"class_list":["post-48101","post","type-post","status-publish","format-standard","has-post-thumbnail","hentry","category-numismatica"],"acf":[],"_links":{"self":[{"href":"https:\/\/incm.pt\/site\/wp-json\/wp\/v2\/posts\/48101","targetHints":{"allow":["GET"]}}],"collection":[{"href":"https:\/\/incm.pt\/site\/wp-json\/wp\/v2\/posts"}],"about":[{"href":"https:\/\/incm.pt\/site\/wp-json\/wp\/v2\/types\/post"}],"author":[{"embeddable":true,"href":"https:\/\/incm.pt\/site\/wp-json\/wp\/v2\/users\/16"}],"replies":[{"embeddable":true,"href":"https:\/\/incm.pt\/site\/wp-json\/wp\/v2\/comments?post=48101"}],"version-history":[{"count":1,"href":"https:\/\/incm.pt\/site\/wp-json\/wp\/v2\/posts\/48101\/revisions"}],"predecessor-version":[{"id":48106,"href":"https:\/\/incm.pt\/site\/wp-json\/wp\/v2\/posts\/48101\/revisions\/48106"}],"wp:featuredmedia":[{"embeddable":true,"href":"https:\/\/incm.pt\/site\/wp-json\/wp\/v2\/media\/48102"}],"wp:attachment":[{"href":"https:\/\/incm.pt\/site\/wp-json\/wp\/v2\/media?parent=48101"}],"wp:term":[{"taxonomy":"category","embeddable":true,"href":"https:\/\/incm.pt\/site\/wp-json\/wp\/v2\/categories?post=48101"},{"taxonomy":"post_tag","embeddable":true,"href":"https:\/\/incm.pt\/site\/wp-json\/wp\/v2\/tags?post=48101"}],"curies":[{"name":"wp","href":"https:\/\/api.w.org\/{rel}","templated":true}]}}