{"id":47663,"date":"2025-09-24T11:31:23","date_gmt":"2025-09-24T11:31:23","guid":{"rendered":"https:\/\/incm.pt\/site\/?p=47663"},"modified":"2025-09-24T11:35:45","modified_gmt":"2025-09-24T11:35:45","slug":"o-impacto-transformador-das-parcerias-publicas-no-ecossistema-social","status":"publish","type":"post","link":"https:\/\/incm.pt\/site\/o-impacto-transformador-das-parcerias-publicas-no-ecossistema-social\/","title":{"rendered":"O Impacto (transformador) das Parcerias P\u00fablicas no Ecossistema Social"},"content":{"rendered":"<p>O Museu do Dinheiro foi ontem palco da sess\u00e3o <em>O Impacto (transformador) das Parcerias P\u00fablicas no\u00a0Ecossistema Social<\/em>, onde foi dado a conhecer o trabalho de v\u00e1rias entidades e empresas p\u00fablicas no \u00e2mbito da Responsabilidade Social.<\/p>\n<p>A \u00c1guas de Portugal, o Banco de Portugal, a Caixa Geral de Dep\u00f3sitos, a CARRIS, a CP, a Infraestruturas de Portugal e a Imprensa Nacional-Casa da Moeda (INCM) partilharam os seus projetos em diversas \u00e1reas \u2013 Voluntariado, Literacia\/Educa\u00e7\u00e3o e Diversidade, Igualdade e Inclus\u00e3o \u2013 e apresentaram o seu plano de atua\u00e7\u00e3o conjunto para 2026, demonstrando a import\u00e2ncia das parcerias do setor corporativo com o sector social e o seu impacto na vida das pessoas.<\/p>\n<p>O evento realizou-se na sequ\u00eancia do grupo de trabalho sobre a responsabilidade social, que integra as sete entidades acima identificadas, sob coordena\u00e7\u00e3o da INCM, criado com o objetivo de demonstrar o papel e as boas pr\u00e1ticas do sector p\u00fablico, fomentar parcerias com o sector social, criar sinergias para promover um impacto transformador e significativo e promover a\u00e7\u00f5es de voluntariado conjuntas e de investimento social.<\/p>\n<p>A sess\u00e3o contou ainda com a participa\u00e7\u00e3o de Mario Linhares, da associa\u00e7\u00e3o <a href=\"https:\/\/adgentes.org.pt\/\" target=\"_blank\" rel=\"noopener\">Ad Gentes<\/a>, e Victor Monteiro, da associa\u00e7\u00e3o <a href=\"https:\/\/www.cazambujal.org\/\" target=\"_blank\" rel=\"noopener\">CAZambujal<\/a>, que abordaram a import\u00e2ncia das parcerias na cria\u00e7\u00e3o e na continuidade do projeto <a href=\"https:\/\/www.cazambujal.org\/sobre-n%C3%B3s-1\" target=\"_blank\" rel=\"noopener\">Zambujal 360<\/a>.<\/p>\n<p>Tendo em conta que, no mesmo dia, 23 de setembro, se assinalava o Dia Internacional das L\u00ednguas Gestuais, houve ainda lugar para uma atua\u00e7\u00e3o do grupo <em>Vozes da Liberdade<\/em>, dirigido pelo cantor e compositor Martim Vicente.<\/p>\n","protected":false},"excerpt":{"rendered":"<p>O Museu do Dinheiro foi ontem palco da sess\u00e3o O Impacto (transformador) das Parcerias P\u00fablicas no\u00a0Ecossistema Social, onde foi dado a conhecer o trabalho de v\u00e1rias entidades e empresas p\u00fablicas no \u00e2mbito da Responsabilidade Social. A \u00c1guas de Portugal, o Banco de Portugal, a Caixa Geral de Dep\u00f3sitos, a CARRIS, a CP, a Infraestruturas de [&hellip;]<\/p>\n","protected":false},"author":16,"featured_media":47665,"comment_status":"open","ping_status":"open","sticky":false,"template":"","format":"standard","meta":{"_acf_changed":false,"_et_pb_use_builder":"","_et_pb_old_content":"","_et_gb_content_width":"","footnotes":""},"categories":[191],"tags":[],"class_list":["post-47663","post","type-post","status-publish","format-standard","has-post-thumbnail","hentry","category-responsabilidade-social"],"acf":[],"_links":{"self":[{"href":"https:\/\/incm.pt\/site\/wp-json\/wp\/v2\/posts\/47663","targetHints":{"allow":["GET"]}}],"collection":[{"href":"https:\/\/incm.pt\/site\/wp-json\/wp\/v2\/posts"}],"about":[{"href":"https:\/\/incm.pt\/site\/wp-json\/wp\/v2\/types\/post"}],"author":[{"embeddable":true,"href":"https:\/\/incm.pt\/site\/wp-json\/wp\/v2\/users\/16"}],"replies":[{"embeddable":true,"href":"https:\/\/incm.pt\/site\/wp-json\/wp\/v2\/comments?post=47663"}],"version-history":[{"count":2,"href":"https:\/\/incm.pt\/site\/wp-json\/wp\/v2\/posts\/47663\/revisions"}],"predecessor-version":[{"id":47672,"href":"https:\/\/incm.pt\/site\/wp-json\/wp\/v2\/posts\/47663\/revisions\/47672"}],"wp:featuredmedia":[{"embeddable":true,"href":"https:\/\/incm.pt\/site\/wp-json\/wp\/v2\/media\/47665"}],"wp:attachment":[{"href":"https:\/\/incm.pt\/site\/wp-json\/wp\/v2\/media?parent=47663"}],"wp:term":[{"taxonomy":"category","embeddable":true,"href":"https:\/\/incm.pt\/site\/wp-json\/wp\/v2\/categories?post=47663"},{"taxonomy":"post_tag","embeddable":true,"href":"https:\/\/incm.pt\/site\/wp-json\/wp\/v2\/tags?post=47663"}],"curies":[{"name":"wp","href":"https:\/\/api.w.org\/{rel}","templated":true}]}}