{"id":45776,"date":"2025-09-18T11:18:16","date_gmt":"2025-09-18T11:18:16","guid":{"rendered":"https:\/\/incm.pt\/site\/?p=45776"},"modified":"2025-09-18T11:18:16","modified_gmt":"2025-09-18T11:18:16","slug":"moeda-dedicada-a-paula-rego-apresentada-na-casa-das-historias","status":"publish","type":"post","link":"https:\/\/incm.pt\/site\/moeda-dedicada-a-paula-rego-apresentada-na-casa-das-historias\/","title":{"rendered":"Moeda dedicada a Paula Rego apresentada na Casa das Hist\u00f3rias"},"content":{"rendered":"<p>A moeda de cole\u00e7\u00e3o dedicada \u00e0 pintora Paula Rego (1925-2022), que inaugura a nova s\u00e9rie <em>\u00abArtistas Pl\u00e1sticos Portugueses Contempor\u00e2neos\u00bb<\/em>, foi ontem apresentada ao p\u00fablico na Casa das Hist\u00f3rias Paula Rego, em Cascais.<\/p>\n<p>Desenhada pela joalheira Catarina Silva, a moeda apresenta no anverso o retrato da artista com a frase \u00abDeixa-me pintar-te uma hist\u00f3ria\u00bb e, no reverso, elementos inspirados na sua obra <em>O Anjo (1998)<\/em>.<\/p>\n<p>A sess\u00e3o contou com uma mesa-redonda sobre a moeda e o percurso art\u00edstico de Paula Rego, com a participa\u00e7\u00e3o de Manuel Costa Cabral, curador da s\u00e9rie <em>\u00abArtistas Pl\u00e1sticos Portugueses Contempor\u00e2neos\u00bb,<\/em> de Rita Assis, diretora de Marketing e Canais da INCM, e da autora da moeda.<\/p>\n<p>Esta moeda, com o valor facial de 10\u20ac, conta com uma emiss\u00e3o limitada a 4000 exemplares em prata 925 \u2030 com acabamento especial <em>proof <\/em>(prova numism\u00e1tica), dispon\u00edveis nas <a href=\"https:\/\/incm.pt\/site\/rede-de-lojas-incm\/\">lojas f\u00edsicas da INCM<\/a>, em Lisboa, Porto e Coimbra, bem como na sua <a href=\"https:\/\/loja.incm.pt\/products\/moedas-paula-rego-deixa-me-pintar-te-uma-historia-prata-proof-1026767\">loja online<\/a>.<\/p>\n<p>Paula Rego foi uma das mais importantes artistas portuguesas do s\u00e9culo XX e deixou uma marca indel\u00e9vel na hist\u00f3ria da arte nacional e internacional, com uma linguagem art\u00edstica \u00fanica, onde combinou elementos do surrealismo, realismo e simbolismo.<\/p>\n<p>Al\u00e9m da sua abordagem inovadora \u00e0 arte narrativa, a artista utilizou a sua obra como ferramenta de coment\u00e1rio social e pol\u00edtico, sendo disso exemplo a sua s\u00e9rie sobre o aborto, na d\u00e9cada de 1990, onde abordou a luta pelos direitos reprodutivos, dando voz \u00e0s mulheres em situa\u00e7\u00f5es de vulnerabilidade.<\/p>\n<p>A sess\u00e3o de apresenta\u00e7\u00e3o da moeda contou com o apoio da C\u00e2mara Municipal de Cascais e da Funda\u00e7\u00e3o D. Lu\u00eds I<\/p>\n","protected":false},"excerpt":{"rendered":"<p>A moeda de cole\u00e7\u00e3o dedicada \u00e0 pintora Paula Rego (1925-2022), que inaugura a nova s\u00e9rie \u00abArtistas Pl\u00e1sticos Portugueses Contempor\u00e2neos\u00bb, foi ontem apresentada ao p\u00fablico na Casa das Hist\u00f3rias Paula Rego, em Cascais. Desenhada pela joalheira Catarina Silva, a moeda apresenta no anverso o retrato da artista com a frase \u00abDeixa-me pintar-te uma hist\u00f3ria\u00bb e, no [&hellip;]<\/p>\n","protected":false},"author":16,"featured_media":45777,"comment_status":"open","ping_status":"open","sticky":false,"template":"","format":"standard","meta":{"_acf_changed":false,"_et_pb_use_builder":"","_et_pb_old_content":"","_et_gb_content_width":"","footnotes":""},"categories":[20],"tags":[],"class_list":["post-45776","post","type-post","status-publish","format-standard","has-post-thumbnail","hentry","category-numismatica"],"acf":[],"_links":{"self":[{"href":"https:\/\/incm.pt\/site\/wp-json\/wp\/v2\/posts\/45776","targetHints":{"allow":["GET"]}}],"collection":[{"href":"https:\/\/incm.pt\/site\/wp-json\/wp\/v2\/posts"}],"about":[{"href":"https:\/\/incm.pt\/site\/wp-json\/wp\/v2\/types\/post"}],"author":[{"embeddable":true,"href":"https:\/\/incm.pt\/site\/wp-json\/wp\/v2\/users\/16"}],"replies":[{"embeddable":true,"href":"https:\/\/incm.pt\/site\/wp-json\/wp\/v2\/comments?post=45776"}],"version-history":[{"count":1,"href":"https:\/\/incm.pt\/site\/wp-json\/wp\/v2\/posts\/45776\/revisions"}],"predecessor-version":[{"id":45781,"href":"https:\/\/incm.pt\/site\/wp-json\/wp\/v2\/posts\/45776\/revisions\/45781"}],"wp:featuredmedia":[{"embeddable":true,"href":"https:\/\/incm.pt\/site\/wp-json\/wp\/v2\/media\/45777"}],"wp:attachment":[{"href":"https:\/\/incm.pt\/site\/wp-json\/wp\/v2\/media?parent=45776"}],"wp:term":[{"taxonomy":"category","embeddable":true,"href":"https:\/\/incm.pt\/site\/wp-json\/wp\/v2\/categories?post=45776"},{"taxonomy":"post_tag","embeddable":true,"href":"https:\/\/incm.pt\/site\/wp-json\/wp\/v2\/tags?post=45776"}],"curies":[{"name":"wp","href":"https:\/\/api.w.org\/{rel}","templated":true}]}}