{"id":45113,"date":"2025-09-16T08:15:47","date_gmt":"2025-09-16T08:15:47","guid":{"rendered":"https:\/\/incm.pt\/site\/?p=45113"},"modified":"2025-09-16T08:15:47","modified_gmt":"2025-09-16T08:15:47","slug":"diario-da-republica-lanca-campanha-digital-sobre-as-eleicoes-autarquicas-e-estreia-se-no-tiktok-drexplica-euvoto","status":"publish","type":"post","link":"https:\/\/incm.pt\/site\/diario-da-republica-lanca-campanha-digital-sobre-as-eleicoes-autarquicas-e-estreia-se-no-tiktok-drexplica-euvoto\/","title":{"rendered":"Di\u00e1rio da Rep\u00fablica lan\u00e7a campanha digital sobre as Elei\u00e7\u00f5es Aut\u00e1rquicas e estreia-se no TikTok #DRexplica #euvoto"},"content":{"rendered":"<p>O Di\u00e1rio da Rep\u00fablica, em parceria com a Comiss\u00e3o Nacional de Elei\u00e7\u00f5es (CNE), lan\u00e7a uma campanha digital de literacia democr\u00e1tica com o objetivo de explicar, de forma simples e acess\u00edvel, as principais regras previstas na Lei Eleitoral para os \u00d3rg\u00e3os das Autarquias Locais e legisla\u00e7\u00e3o conexa relevante.<\/p>\n<p>A iniciativa, dirigida aos jovens dos 18 aos 25 anos, promove a participa\u00e7\u00e3o c\u00edvica e o acesso \u00e0 informa\u00e7\u00e3o oficial sobre o processo eleitoral.<\/p>\n<p>A campanha arrancou no dia 11 de setembro, com a publica\u00e7\u00e3o do primeiro v\u00eddeo da s\u00e9rie #DRexplica #euvoto nas redes sociais do Di\u00e1rio da Rep\u00fablica (<a href=\"https:\/\/www.instagram.com\/diariorepublica\" target=\"_blank\" rel=\"noopener\">Instagram<\/a>, <a href=\"https:\/\/www.youtube.com\/@DiarioRepublicaPT\" target=\"_blank\" rel=\"noopener\">YouTube<\/a>, <a href=\"https:\/\/www.facebook.com\/DiarioRepublicaPT\" target=\"_blank\" rel=\"noopener\">Facebook<\/a>, <a href=\"https:\/\/www.linkedin.com\/showcase\/diariorepublica\/\" target=\"_blank\" rel=\"noopener\">LinkedIn<\/a> e <a href=\"https:\/\/twitter.com\/diariorepublica\" target=\"_blank\" rel=\"noopener\">X<\/a>) e estreia tamb\u00e9m no <a href=\"https:\/\/www.tiktok.com\/@diariodarepublica\" target=\"_blank\" rel=\"noopener\">TikTok<\/a>, a nova rede social oficial do Di\u00e1rio da Rep\u00fablica.<\/p>\n<p>Ao longo das pr\u00f3ximas semanas, ser\u00e3o divulgados um total de 15 v\u00eddeos curtos em formato <em>vox pop<\/em>, tendo os jovens como protagonistas, seguidos de explica\u00e7\u00f5es simples sobre temas como quem pode votar, como funcionam os boletins de voto, a diferen\u00e7a entre votos nulos e brancos ou o papel das autarquias locais.<\/p>\n<p>O Di\u00e1rio da Rep\u00fablica prossegue, assim, a sua atividade na promo\u00e7\u00e3o da literacia jur\u00eddica, tornando a informa\u00e7\u00e3o jur\u00eddica mais compreens\u00edvel e facilmente apreens\u00edvel por todos, utilizando agora uma nova plataforma digital em di\u00e1logo com as novas gera\u00e7\u00f5es.<\/p>\n<p>Os primeiros v\u00eddeos j\u00e1 est\u00e3o dispon\u00edveis <a href=\"https:\/\/www.tiktok.com\/@diariodarepublica\" target=\"_blank\" rel=\"noopener\">aqui<\/a>. Siga o perfil e acompanhe os novos v\u00eddeos.<\/p>\n","protected":false},"excerpt":{"rendered":"<p>O Di\u00e1rio da Rep\u00fablica, em parceria com a Comiss\u00e3o Nacional de Elei\u00e7\u00f5es (CNE), lan\u00e7a uma campanha digital de literacia democr\u00e1tica com o objetivo de explicar, de forma simples e acess\u00edvel, as principais regras previstas na Lei Eleitoral para os \u00d3rg\u00e3os das Autarquias Locais e legisla\u00e7\u00e3o conexa relevante. A iniciativa, dirigida aos jovens dos 18 aos [&hellip;]<\/p>\n","protected":false},"author":16,"featured_media":45114,"comment_status":"open","ping_status":"open","sticky":false,"template":"","format":"standard","meta":{"_acf_changed":false,"_et_pb_use_builder":"","_et_pb_old_content":"","_et_gb_content_width":"","footnotes":""},"categories":[176],"tags":[],"class_list":["post-45113","post","type-post","status-publish","format-standard","has-post-thumbnail","hentry","category-diario-da-republica"],"acf":[],"_links":{"self":[{"href":"https:\/\/incm.pt\/site\/wp-json\/wp\/v2\/posts\/45113","targetHints":{"allow":["GET"]}}],"collection":[{"href":"https:\/\/incm.pt\/site\/wp-json\/wp\/v2\/posts"}],"about":[{"href":"https:\/\/incm.pt\/site\/wp-json\/wp\/v2\/types\/post"}],"author":[{"embeddable":true,"href":"https:\/\/incm.pt\/site\/wp-json\/wp\/v2\/users\/16"}],"replies":[{"embeddable":true,"href":"https:\/\/incm.pt\/site\/wp-json\/wp\/v2\/comments?post=45113"}],"version-history":[{"count":1,"href":"https:\/\/incm.pt\/site\/wp-json\/wp\/v2\/posts\/45113\/revisions"}],"predecessor-version":[{"id":45118,"href":"https:\/\/incm.pt\/site\/wp-json\/wp\/v2\/posts\/45113\/revisions\/45118"}],"wp:featuredmedia":[{"embeddable":true,"href":"https:\/\/incm.pt\/site\/wp-json\/wp\/v2\/media\/45114"}],"wp:attachment":[{"href":"https:\/\/incm.pt\/site\/wp-json\/wp\/v2\/media?parent=45113"}],"wp:term":[{"taxonomy":"category","embeddable":true,"href":"https:\/\/incm.pt\/site\/wp-json\/wp\/v2\/categories?post=45113"},{"taxonomy":"post_tag","embeddable":true,"href":"https:\/\/incm.pt\/site\/wp-json\/wp\/v2\/tags?post=45113"}],"curies":[{"name":"wp","href":"https:\/\/api.w.org\/{rel}","templated":true}]}}