{"id":44761,"date":"2025-09-15T10:55:16","date_gmt":"2025-09-15T10:55:16","guid":{"rendered":"https:\/\/incm.pt\/site\/?p=44761"},"modified":"2025-09-15T10:57:10","modified_gmt":"2025-09-15T10:57:10","slug":"servico-de-migracao-e-fronteiras-de-sao-tome-e-principe-visita-a-casa-da-moeda","status":"publish","type":"post","link":"https:\/\/incm.pt\/site\/servico-de-migracao-e-fronteiras-de-sao-tome-e-principe-visita-a-casa-da-moeda\/","title":{"rendered":"Servi\u00e7o de Migra\u00e7\u00e3o e Fronteiras de S\u00e3o Tom\u00e9 e Pr\u00edncipe visita a Casa da Moeda"},"content":{"rendered":"<p>Nos dias 11 e 12 de setembro, a Imprensa Nacional-Casa da Moeda (INCM) recebeu uma comitiva do Servi\u00e7o de Migra\u00e7\u00e3o e Fronteiras (SMF) de S\u00e3o Tom\u00e9 e Pr\u00edncipe, liderada pelo seu Diretor-Geral, Eridson Martins Gomes da Trindade.<\/p>\n<p>Al\u00e9m do respons\u00e1vel m\u00e1ximo do SMF, faziam tamb\u00e9m parte da comitiva o seu Diretor Administrativo, Financeiro e de Recursos Humanos, Jos\u00e9 Maria da Fonseca, e o Diretor de Migra\u00e7\u00e3o e Documenta\u00e7\u00e3o, Am\u00e9rico da Costa Martins, que tiveram oportunidade de visitar a Unidade Gr\u00e1fica de Seguran\u00e7a, nas instala\u00e7\u00f5es da Casa da Moeda, em Lisboa.<\/p>\n<p>Durante a visita, focada, sobretudo, na produ\u00e7\u00e3o de documentos de identifica\u00e7\u00e3o, foram abordados diversos assuntos e projetos conjuntos, dando continuidade \u00e0s rela\u00e7\u00f5es de parceria e ao desenvolvimento das sinergias estabelecidas entre a INCM e o SMF.<\/p>\n","protected":false},"excerpt":{"rendered":"<p>Nos dias 11 e 12 de setembro, a Imprensa Nacional-Casa da Moeda (INCM) recebeu uma comitiva do Servi\u00e7o de Migra\u00e7\u00e3o e Fronteiras (SMF) de S\u00e3o Tom\u00e9 e Pr\u00edncipe, liderada pelo seu Diretor-Geral, Eridson Martins Gomes da Trindade. Al\u00e9m do respons\u00e1vel m\u00e1ximo do SMF, faziam tamb\u00e9m parte da comitiva o seu Diretor Administrativo, Financeiro e de [&hellip;]<\/p>\n","protected":false},"author":16,"featured_media":44762,"comment_status":"open","ping_status":"open","sticky":false,"template":"","format":"standard","meta":{"_acf_changed":false,"_et_pb_use_builder":"","_et_pb_old_content":"","_et_gb_content_width":"","footnotes":""},"categories":[19],"tags":[],"class_list":["post-44761","post","type-post","status-publish","format-standard","has-post-thumbnail","hentry","category-institucional"],"acf":[],"_links":{"self":[{"href":"https:\/\/incm.pt\/site\/wp-json\/wp\/v2\/posts\/44761","targetHints":{"allow":["GET"]}}],"collection":[{"href":"https:\/\/incm.pt\/site\/wp-json\/wp\/v2\/posts"}],"about":[{"href":"https:\/\/incm.pt\/site\/wp-json\/wp\/v2\/types\/post"}],"author":[{"embeddable":true,"href":"https:\/\/incm.pt\/site\/wp-json\/wp\/v2\/users\/16"}],"replies":[{"embeddable":true,"href":"https:\/\/incm.pt\/site\/wp-json\/wp\/v2\/comments?post=44761"}],"version-history":[{"count":2,"href":"https:\/\/incm.pt\/site\/wp-json\/wp\/v2\/posts\/44761\/revisions"}],"predecessor-version":[{"id":44767,"href":"https:\/\/incm.pt\/site\/wp-json\/wp\/v2\/posts\/44761\/revisions\/44767"}],"wp:featuredmedia":[{"embeddable":true,"href":"https:\/\/incm.pt\/site\/wp-json\/wp\/v2\/media\/44762"}],"wp:attachment":[{"href":"https:\/\/incm.pt\/site\/wp-json\/wp\/v2\/media?parent=44761"}],"wp:term":[{"taxonomy":"category","embeddable":true,"href":"https:\/\/incm.pt\/site\/wp-json\/wp\/v2\/categories?post=44761"},{"taxonomy":"post_tag","embeddable":true,"href":"https:\/\/incm.pt\/site\/wp-json\/wp\/v2\/tags?post=44761"}],"curies":[{"name":"wp","href":"https:\/\/api.w.org\/{rel}","templated":true}]}}