{"id":3881,"date":"2022-05-24T23:48:06","date_gmt":"2022-05-24T23:48:06","guid":{"rendered":"https:\/\/incm.pt\/site\/?p=3881"},"modified":"2022-12-28T15:21:13","modified_gmt":"2022-12-28T15:21:13","slug":"estatuto-utilidade-publica-apresentado-biblioteca-imprensa-nacional","status":"publish","type":"post","link":"https:\/\/incm.pt\/site\/estatuto-utilidade-publica-apresentado-biblioteca-imprensa-nacional\/","title":{"rendered":"O ESTATUTO DE UTILIDADE P\u00daBLICA APRESENTADO NA BIBLIOTECA DA IMPRENSA NACIONAL"},"content":{"rendered":"<p><strong><span class=\"italico\">O Estatuto de Utilidade P\u00fablica<\/span>, a mais recente edi\u00e7\u00e3o jur\u00eddica da Imprensa Nacional-Casa da Moeda (INCM), da autoria de Tiago Fidalgo de Freitas, Ana Alves Leal e Teresa Pinto, vai ser apresentado ao p\u00fablico no dia 26 de maio, pelas 18h00, na Biblioteca da Imprensa Nacional.<\/strong><\/p>\n<p>Com pref\u00e1cio de Andr\u00e9 Moz Caldas, Secret\u00e1rio de Estado da Presid\u00eancia do Conselho de Ministros, esta edi\u00e7\u00e3o reflete a anota\u00e7\u00e3o \u00e0 Lei-Quadro do Estatuto de Utilidade P\u00fablica, aprovada pela Lei n.\u00ba 36\/2021, de 14 de junho. Com esta vers\u00e3o, os autores percorreram todo o regime da Lei-Quadro do Estatuto de Utilidade P\u00fablica, procurando, com as suas anota\u00e7\u00f5es, contribuir para as suas interpreta\u00e7\u00e3o e aplica\u00e7\u00e3o.<\/p>\n<p><strong>A sess\u00e3o de apresenta\u00e7\u00e3o desta obra conta com a participa\u00e7\u00e3o, enquanto oradores, de Andr\u00e9 Moz Caldas, Tiago Fidalgo de Freitas e Dora Moita, Presidente, em substitui\u00e7\u00e3o, do Conselho de Administra\u00e7\u00e3o da INCM.<\/strong><\/p>\n","protected":false},"excerpt":{"rendered":"<p>O Estatuto de Utilidade P\u00fablica, a mais recente edi\u00e7\u00e3o jur\u00eddica da Imprensa Nacional-Casa da Moeda (INCM), da autoria de Tiago Fidalgo de Freitas, Ana Alves Leal e Teresa Pinto, vai ser apresentado ao p\u00fablico no dia 26 de maio, pelas 18h00, na Biblioteca da Imprensa Nacional. Com pref\u00e1cio de Andr\u00e9 Moz Caldas, Secret\u00e1rio de Estado [&hellip;]<\/p>\n","protected":false},"author":1,"featured_media":3883,"comment_status":"open","ping_status":"open","sticky":false,"template":"","format":"standard","meta":{"_acf_changed":false,"_et_pb_use_builder":"","_et_pb_old_content":"","_et_gb_content_width":"","footnotes":""},"categories":[26],"tags":[],"class_list":["post-3881","post","type-post","status-publish","format-standard","has-post-thumbnail","hentry","category-cultura"],"acf":[],"_links":{"self":[{"href":"https:\/\/incm.pt\/site\/wp-json\/wp\/v2\/posts\/3881","targetHints":{"allow":["GET"]}}],"collection":[{"href":"https:\/\/incm.pt\/site\/wp-json\/wp\/v2\/posts"}],"about":[{"href":"https:\/\/incm.pt\/site\/wp-json\/wp\/v2\/types\/post"}],"author":[{"embeddable":true,"href":"https:\/\/incm.pt\/site\/wp-json\/wp\/v2\/users\/1"}],"replies":[{"embeddable":true,"href":"https:\/\/incm.pt\/site\/wp-json\/wp\/v2\/comments?post=3881"}],"version-history":[{"count":0,"href":"https:\/\/incm.pt\/site\/wp-json\/wp\/v2\/posts\/3881\/revisions"}],"wp:featuredmedia":[{"embeddable":true,"href":"https:\/\/incm.pt\/site\/wp-json\/wp\/v2\/media\/3883"}],"wp:attachment":[{"href":"https:\/\/incm.pt\/site\/wp-json\/wp\/v2\/media?parent=3881"}],"wp:term":[{"taxonomy":"category","embeddable":true,"href":"https:\/\/incm.pt\/site\/wp-json\/wp\/v2\/categories?post=3881"},{"taxonomy":"post_tag","embeddable":true,"href":"https:\/\/incm.pt\/site\/wp-json\/wp\/v2\/tags?post=3881"}],"curies":[{"name":"wp","href":"https:\/\/api.w.org\/{rel}","templated":true}]}}