{"id":3847,"date":"2022-04-18T23:20:31","date_gmt":"2022-04-18T23:20:31","guid":{"rendered":"https:\/\/incm.pt\/site\/?p=3847"},"modified":"2022-06-23T23:23:57","modified_gmt":"2022-06-23T23:23:57","slug":"presidente-in-cabo-verde-visita-incm","status":"publish","type":"post","link":"https:\/\/incm.pt\/site\/presidente-in-cabo-verde-visita-incm\/","title":{"rendered":"PRESIDENTE DA IMPRENSA NACIONAL DE CABO VERDE VISITA A INCM"},"content":{"rendered":"<p><strong>Esta semana, a INCM teve a honra de receber a visita do Presidente do Conselho de Administra\u00e7\u00e3o da Imprensa Nacional de Cabo Verde (INCV), Raimundo Ramos Franc\u00eas Lopes, um encontro que permitiu estreitar os la\u00e7os que unem ambas as institui\u00e7\u00f5es, bem como aprofundar alguns projetos comuns.<\/strong><\/p>\n<p>Raimundo Ramos Franc\u00eas Lopes foi recebido pelos administradores da INCM, Dora Moita e Alcides Gama, e, ao longo de quatro dias, teve oportunidade de conhecer a \u00e1rea produtiva da empresa, com enfoque especial na gr\u00e1fica de seguran\u00e7a e na edi\u00e7\u00e3o e publica\u00e7\u00e3o do jornal oficial, a par de alguns projetos inovadores em desenvolvimento.<\/p>\n<p><strong>A l\u00edngua portuguesa tamb\u00e9m n\u00e3o foi esquecida, designadamente o Pr\u00e9mio Liter\u00e1rio Arnaldo Fran\u00e7a, dirigido a cidad\u00e3os cabo-verdianos ou residentes em Cabo Verde h\u00e1 mais de cinco anos, institu\u00eddo em parceria pela INCM e pela INCV.<\/strong><\/p>\n","protected":false},"excerpt":{"rendered":"<p>Esta semana, a INCM teve a honra de receber a visita do Presidente do Conselho de Administra\u00e7\u00e3o da Imprensa Nacional de Cabo Verde (INCV), Raimundo Ramos Franc\u00eas Lopes, um encontro que permitiu estreitar os la\u00e7os que unem ambas as institui\u00e7\u00f5es, bem como aprofundar alguns projetos comuns. Raimundo Ramos Franc\u00eas Lopes foi recebido pelos administradores da [&hellip;]<\/p>\n","protected":false},"author":1,"featured_media":3849,"comment_status":"open","ping_status":"open","sticky":false,"template":"","format":"standard","meta":{"_acf_changed":false,"_et_pb_use_builder":"","_et_pb_old_content":"","_et_gb_content_width":"","footnotes":""},"categories":[19],"tags":[],"class_list":["post-3847","post","type-post","status-publish","format-standard","has-post-thumbnail","hentry","category-institucional"],"acf":[],"_links":{"self":[{"href":"https:\/\/incm.pt\/site\/wp-json\/wp\/v2\/posts\/3847","targetHints":{"allow":["GET"]}}],"collection":[{"href":"https:\/\/incm.pt\/site\/wp-json\/wp\/v2\/posts"}],"about":[{"href":"https:\/\/incm.pt\/site\/wp-json\/wp\/v2\/types\/post"}],"author":[{"embeddable":true,"href":"https:\/\/incm.pt\/site\/wp-json\/wp\/v2\/users\/1"}],"replies":[{"embeddable":true,"href":"https:\/\/incm.pt\/site\/wp-json\/wp\/v2\/comments?post=3847"}],"version-history":[{"count":0,"href":"https:\/\/incm.pt\/site\/wp-json\/wp\/v2\/posts\/3847\/revisions"}],"wp:featuredmedia":[{"embeddable":true,"href":"https:\/\/incm.pt\/site\/wp-json\/wp\/v2\/media\/3849"}],"wp:attachment":[{"href":"https:\/\/incm.pt\/site\/wp-json\/wp\/v2\/media?parent=3847"}],"wp:term":[{"taxonomy":"category","embeddable":true,"href":"https:\/\/incm.pt\/site\/wp-json\/wp\/v2\/categories?post=3847"},{"taxonomy":"post_tag","embeddable":true,"href":"https:\/\/incm.pt\/site\/wp-json\/wp\/v2\/tags?post=3847"}],"curies":[{"name":"wp","href":"https:\/\/api.w.org\/{rel}","templated":true}]}}