{"id":3837,"date":"2021-06-29T23:09:24","date_gmt":"2021-06-29T23:09:24","guid":{"rendered":"https:\/\/incm.pt\/site\/?p=3837"},"modified":"2022-12-29T21:52:11","modified_gmt":"2022-12-29T21:52:11","slug":"silvia-garcia-participa-innovation-talk","status":"publish","type":"post","link":"https:\/\/incm.pt\/site\/silvia-garcia-participa-innovation-talk\/","title":{"rendered":"SILVIA GARCIA DA INCM LAB PARTICIPA NO PR\u00d3XIMO INNOVATION TALK"},"content":{"rendered":"<div>\n<p><strong><span lang=\"PT\">\u201cMedir e Avaliar os contributos da Inova\u00e7\u00e3o: Vantagens e Desafios\u201d \u00e9 o tema em debate na pr\u00f3xima Innovation Talk, promovida pela ANI &#8211; Ag\u00eancia Nacional de Inova\u00e7\u00e3o, agendada para o dia 29 de julho, \u00e0s 12h, e conta com a presen\u00e7a da INCM e do INCMLAB, atrav\u00e9s da sua respons\u00e1vel Silvia Garcia, sendo moderada por Isabel Caetano, Presidente da Comiss\u00e3o T\u00e9cnica<span class=\"apple-converted-space\">\u00a0<\/span><\/span><span lang=\"PT\"><a href=\"http:\/\/www1.ipq.pt\/PT\/Normalizacao\/ComissoesTecnicas\/Pages\/CT\/CT%20169.aspx\" target=\"_blank\" rel=\"noopener\">(CT) 169<\/a><\/span><span lang=\"PT\">, e ainda com as presen\u00e7as de M\u00f3nica Rufino, Diretora Geral da<span class=\"apple-converted-space\">\u00a0<\/span><\/span><span lang=\"PT\"><a href=\"https:\/\/hope-care.pt\/\" target=\"_blank\" rel=\"noopener\">HopeCare<\/a><\/span><span lang=\"PT\">, e de Mihail Fontul, Respons\u00e1vel de Departamento de Investiga\u00e7\u00e3o, Desenvolvimento e Inova\u00e7\u00e3o da<span class=\"apple-converted-space\">\u00a0<\/span><\/span><span lang=\"PT\"><a href=\"https:\/\/www.iber-oleff.pt\/\" target=\"_blank\" rel=\"noopener\">Iber-Oleff S.A.<\/a><\/span><\/strong><\/p>\n<p>A capacidade de inova\u00e7\u00e3o gera resultados e efeitos que, cada vez mais, importa avaliar e medir com o objetivo de contribuir para melhorar o processo de tomada de decis\u00e3o nas organiza\u00e7\u00f5es e a compreens\u00e3o do seu contributo para a cria\u00e7\u00e3o de valor. No contexto internacional, as normas de sistemas de gest\u00e3o de inova\u00e7\u00e3o apontam j\u00e1 v\u00e1rias pistas para a identifica\u00e7\u00e3o de \u00e1reas, indicadores e m\u00e9tricas que possibilitam a monitoriza\u00e7\u00e3o e a avalia\u00e7\u00e3o do desempenho em mat\u00e9ria de inova\u00e7\u00e3o. A atualidade do tema e a experi\u00eancia de organiza\u00e7\u00f5es nacionais estar\u00e3o em destaque na pr\u00f3xima Innovation Talk.<\/p>\n<\/div>\n<div>\n<p><strong><span lang=\"PT\">As Innovation Talks t\u00eam como principal objetivo promover o di\u00e1logo em torno dos principais desafios da atualidade e demonstrar a import\u00e2ncia da inova\u00e7\u00e3o enquanto motor do crescimento econ\u00f3mico e social. Estas conversas t\u00eam transmiss\u00e3o em direto atrav\u00e9s do<span class=\"apple-converted-space\">\u00a0<\/span><\/span><span lang=\"PT\"><a href=\"https:\/\/www.facebook.com\/agencianacionaldeinovacao\/?ref=bookmarks\" target=\"_blank\" rel=\"noopener\">Facebook<\/a><\/span><span class=\"apple-converted-space\"><span lang=\"PT\">\u00a0<\/span><\/span><span lang=\"PT\">da ANI e ficam tamb\u00e9m dispon\u00edveis no<span class=\"apple-converted-space\">\u00a0<\/span><\/span><span lang=\"PT\"><a href=\"https:\/\/www.ani.pt\/pt\/portugal-inovador\/portugal-inovador\/innovation-talks\/\" target=\"_blank\" rel=\"noopener\">site<\/a><\/span><span class=\"apple-converted-space\"><span lang=\"PT\">\u00a0<\/span><\/span><span lang=\"PT\">e<span class=\"apple-converted-space\">\u00a0<\/span><\/span><span lang=\"PT\"><a href=\"https:\/\/www.youtube.com\/playlist?list=PLMrbWAjOFUPSqWyZZfn3X0QLunK08mJyl\" target=\"_blank\" rel=\"noopener\">canal de Youtube<\/a><\/span><span class=\"apple-converted-space\"><span lang=\"PT\">\u00a0<\/span><\/span><span lang=\"PT\">da ANI, para que possam ser vistas ou revistas.<\/span><\/strong><\/p>\n<\/div>\n<div>\n<p><span lang=\"PT\">\u00a0<\/span>Para a INCM \u00e9 da maior relev\u00e2ncia ser reconhecida como uma refer\u00eancia em termos de inova\u00e7\u00e3o.<\/p>\n<\/div>\n<div>\n<p><strong><span lang=\"PT\">\u00a0<\/span><\/strong><strong><a href=\"https:\/\/www.ani.pt\/pt\/portugal-inovador\/portugal-inovador\/innovation-talks\/\" target=\"_blank\" rel=\"noopener\">Saiba mais sobre as Innovation Talk aqui<\/a><\/strong><\/p>\n<\/div>\n","protected":false},"excerpt":{"rendered":"<p>\u201cMedir e Avaliar os contributos da Inova\u00e7\u00e3o: Vantagens e Desafios\u201d \u00e9 o tema em debate na pr\u00f3xima Innovation Talk, promovida pela ANI &#8211; Ag\u00eancia Nacional de Inova\u00e7\u00e3o, agendada para o dia 29 de julho, \u00e0s 12h, e conta com a presen\u00e7a da INCM e do INCMLAB, atrav\u00e9s da sua respons\u00e1vel Silvia Garcia, sendo moderada por [&hellip;]<\/p>\n","protected":false},"author":1,"featured_media":10319,"comment_status":"open","ping_status":"open","sticky":false,"template":"","format":"standard","meta":{"_acf_changed":false,"_et_pb_use_builder":"","_et_pb_old_content":"","_et_gb_content_width":"","footnotes":""},"categories":[18],"tags":[],"class_list":["post-3837","post","type-post","status-publish","format-standard","has-post-thumbnail","hentry","category-inovacao"],"acf":[],"_links":{"self":[{"href":"https:\/\/incm.pt\/site\/wp-json\/wp\/v2\/posts\/3837","targetHints":{"allow":["GET"]}}],"collection":[{"href":"https:\/\/incm.pt\/site\/wp-json\/wp\/v2\/posts"}],"about":[{"href":"https:\/\/incm.pt\/site\/wp-json\/wp\/v2\/types\/post"}],"author":[{"embeddable":true,"href":"https:\/\/incm.pt\/site\/wp-json\/wp\/v2\/users\/1"}],"replies":[{"embeddable":true,"href":"https:\/\/incm.pt\/site\/wp-json\/wp\/v2\/comments?post=3837"}],"version-history":[{"count":0,"href":"https:\/\/incm.pt\/site\/wp-json\/wp\/v2\/posts\/3837\/revisions"}],"wp:featuredmedia":[{"embeddable":true,"href":"https:\/\/incm.pt\/site\/wp-json\/wp\/v2\/media\/10319"}],"wp:attachment":[{"href":"https:\/\/incm.pt\/site\/wp-json\/wp\/v2\/media?parent=3837"}],"wp:term":[{"taxonomy":"category","embeddable":true,"href":"https:\/\/incm.pt\/site\/wp-json\/wp\/v2\/categories?post=3837"},{"taxonomy":"post_tag","embeddable":true,"href":"https:\/\/incm.pt\/site\/wp-json\/wp\/v2\/tags?post=3837"}],"curies":[{"name":"wp","href":"https:\/\/api.w.org\/{rel}","templated":true}]}}