{"id":3825,"date":"2021-07-22T22:48:29","date_gmt":"2021-07-22T22:48:29","guid":{"rendered":"https:\/\/incm.pt\/site\/?p=3825"},"modified":"2022-06-24T00:37:19","modified_gmt":"2022-06-24T00:37:19","slug":"reforco-relacao-intitucional-in-cabo-verde","status":"publish","type":"post","link":"https:\/\/incm.pt\/site\/reforco-relacao-intitucional-in-cabo-verde\/","title":{"rendered":"INCM REFOR\u00c7A RELA\u00c7\u00c3O INSTITUCIONAL COM A IN DE CABO VERDE"},"content":{"rendered":"<div>\n<p><strong><span lang=\"PT\">O Presidente da Imprensa Nacional de Cabo Verde, Dr. Miguel Semedo, esteve esta semana nas instala\u00e7\u00f5es da INCM para realizar uma visita institucional e, designadamente, reunir com um conjunto alargado de Diretores das \u00e1reas respons\u00e1veis pelos servi\u00e7os de digitaliza\u00e7\u00e3o e arquivo, da \u00e1rea da gr\u00e1fica de seguran\u00e7a e da unidade de publica\u00e7\u00f5es oficiais.<\/span><\/strong><\/p>\n<p>Esta visita visou fortalecer os la\u00e7os j\u00e1 existentes entre as duas institui\u00e7\u00f5es e que t\u00eam permitido um trabalho colaborativo em in\u00fameras \u00e1reas, beneficiando as rela\u00e7\u00f5es entre Portugal e Cabo Verde, e a oferta de servi\u00e7os a institui\u00e7\u00f5es e cidad\u00e3os cabo verdianos.<\/p>\n<p>Entre os assuntos abordados merecem destaques a digitaliza\u00e7\u00e3o documental, selos hologr\u00e1ficos e gr\u00e1fica de seguran\u00e7a, certificado digital Covid, moderniza\u00e7\u00e3o do boletim oficial do Estado, e novas parcerias bem como novos projetos.<\/p>\n<\/div>\n","protected":false},"excerpt":{"rendered":"<p>O Presidente da Imprensa Nacional de Cabo Verde, Dr. Miguel Semedo, esteve esta semana nas instala\u00e7\u00f5es da INCM para realizar uma visita institucional e, designadamente, reunir com um conjunto alargado de Diretores das \u00e1reas respons\u00e1veis pelos servi\u00e7os de digitaliza\u00e7\u00e3o e arquivo, da \u00e1rea da gr\u00e1fica de seguran\u00e7a e da unidade de publica\u00e7\u00f5es oficiais. Esta visita [&hellip;]<\/p>\n","protected":false},"author":1,"featured_media":3921,"comment_status":"open","ping_status":"open","sticky":false,"template":"","format":"standard","meta":{"_acf_changed":false,"_et_pb_use_builder":"","_et_pb_old_content":"","_et_gb_content_width":"","footnotes":""},"categories":[19],"tags":[],"class_list":["post-3825","post","type-post","status-publish","format-standard","has-post-thumbnail","hentry","category-institucional"],"acf":[],"_links":{"self":[{"href":"https:\/\/incm.pt\/site\/wp-json\/wp\/v2\/posts\/3825","targetHints":{"allow":["GET"]}}],"collection":[{"href":"https:\/\/incm.pt\/site\/wp-json\/wp\/v2\/posts"}],"about":[{"href":"https:\/\/incm.pt\/site\/wp-json\/wp\/v2\/types\/post"}],"author":[{"embeddable":true,"href":"https:\/\/incm.pt\/site\/wp-json\/wp\/v2\/users\/1"}],"replies":[{"embeddable":true,"href":"https:\/\/incm.pt\/site\/wp-json\/wp\/v2\/comments?post=3825"}],"version-history":[{"count":0,"href":"https:\/\/incm.pt\/site\/wp-json\/wp\/v2\/posts\/3825\/revisions"}],"wp:featuredmedia":[{"embeddable":true,"href":"https:\/\/incm.pt\/site\/wp-json\/wp\/v2\/media\/3921"}],"wp:attachment":[{"href":"https:\/\/incm.pt\/site\/wp-json\/wp\/v2\/media?parent=3825"}],"wp:term":[{"taxonomy":"category","embeddable":true,"href":"https:\/\/incm.pt\/site\/wp-json\/wp\/v2\/categories?post=3825"},{"taxonomy":"post_tag","embeddable":true,"href":"https:\/\/incm.pt\/site\/wp-json\/wp\/v2\/tags?post=3825"}],"curies":[{"name":"wp","href":"https:\/\/api.w.org\/{rel}","templated":true}]}}