{"id":3811,"date":"2021-07-16T22:37:44","date_gmt":"2021-07-16T22:37:44","guid":{"rendered":"https:\/\/incm.pt\/site\/?p=3811"},"modified":"2022-06-24T00:38:40","modified_gmt":"2022-06-24T00:38:40","slug":"ministra-estado-presidencia-unidade-publicacoes-oficiais","status":"publish","type":"post","link":"https:\/\/incm.pt\/site\/ministra-estado-presidencia-unidade-publicacoes-oficiais\/","title":{"rendered":"MINISTRA DE ESTADO E DA PRESID\u00caNCIA VISITA UNIDADE DE PUBLICA\u00c7\u00d5ES OFICIAIS"},"content":{"rendered":"<div>\n<p><strong><span lang=\"PT\">A Ministra de Estado e da Presid\u00eancia, Mariana Vieira da Silva, visitou ontem a Unidade de Publica\u00e7\u00f5es Oficiais da INCM, onde acompanhou, em tempo real, todo o processo de edi\u00e7\u00e3o do Di\u00e1rio da Rep\u00fablica Eletr\u00f3nico.<\/span><\/strong><\/p>\n<p><span lang=\"PT\">O jornal oficial, onde se publicitam todos os diplomas legais que regem a vida da sociedade portuguesa, \u00e9 disponibilizado de forma universal e gratuita em<span class=\"apple-converted-space\">\u00a0<\/span><\/span><span lang=\"PT\"><a href=\"http:\/\/www.dre.pt\/\" target=\"_blank\" rel=\"noopener\">www.dre.pt<\/a><\/span><span lang=\"PT\">, gra\u00e7as a<strong><em> \u201cum trabalho meticuloso assegurado diariamente pela INCM\u201d,<\/em><\/strong> conforme sublinhou a Ministra.<\/span><\/p>\n<\/div>\n","protected":false},"excerpt":{"rendered":"<p>A Ministra de Estado e da Presid\u00eancia, Mariana Vieira da Silva, visitou ontem a Unidade de Publica\u00e7\u00f5es Oficiais da INCM, onde acompanhou, em tempo real, todo o processo de edi\u00e7\u00e3o do Di\u00e1rio da Rep\u00fablica Eletr\u00f3nico. O jornal oficial, onde se publicitam todos os diplomas legais que regem a vida da sociedade portuguesa, \u00e9 disponibilizado de [&hellip;]<\/p>\n","protected":false},"author":1,"featured_media":3923,"comment_status":"open","ping_status":"open","sticky":false,"template":"","format":"standard","meta":{"_acf_changed":false,"_et_pb_use_builder":"","_et_pb_old_content":"","_et_gb_content_width":"","footnotes":""},"categories":[19],"tags":[],"class_list":["post-3811","post","type-post","status-publish","format-standard","has-post-thumbnail","hentry","category-institucional"],"acf":[],"_links":{"self":[{"href":"https:\/\/incm.pt\/site\/wp-json\/wp\/v2\/posts\/3811","targetHints":{"allow":["GET"]}}],"collection":[{"href":"https:\/\/incm.pt\/site\/wp-json\/wp\/v2\/posts"}],"about":[{"href":"https:\/\/incm.pt\/site\/wp-json\/wp\/v2\/types\/post"}],"author":[{"embeddable":true,"href":"https:\/\/incm.pt\/site\/wp-json\/wp\/v2\/users\/1"}],"replies":[{"embeddable":true,"href":"https:\/\/incm.pt\/site\/wp-json\/wp\/v2\/comments?post=3811"}],"version-history":[{"count":0,"href":"https:\/\/incm.pt\/site\/wp-json\/wp\/v2\/posts\/3811\/revisions"}],"wp:featuredmedia":[{"embeddable":true,"href":"https:\/\/incm.pt\/site\/wp-json\/wp\/v2\/media\/3923"}],"wp:attachment":[{"href":"https:\/\/incm.pt\/site\/wp-json\/wp\/v2\/media?parent=3811"}],"wp:term":[{"taxonomy":"category","embeddable":true,"href":"https:\/\/incm.pt\/site\/wp-json\/wp\/v2\/categories?post=3811"},{"taxonomy":"post_tag","embeddable":true,"href":"https:\/\/incm.pt\/site\/wp-json\/wp\/v2\/tags?post=3811"}],"curies":[{"name":"wp","href":"https:\/\/api.w.org\/{rel}","templated":true}]}}