{"id":3808,"date":"2021-07-23T22:34:13","date_gmt":"2021-07-23T22:34:13","guid":{"rendered":"https:\/\/incm.pt\/site\/?p=3808"},"modified":"2022-12-28T15:34:53","modified_gmt":"2022-12-28T15:34:53","slug":"melhoria-desempenho-app-passe-covid","status":"publish","type":"post","link":"https:\/\/incm.pt\/site\/melhoria-desempenho-app-passe-covid\/","title":{"rendered":"INCM MELHORA O DESEMPENHO DA APP PASSE COVID"},"content":{"rendered":"<p style=\"font-weight: 400;\"><strong>No seguimento da not\u00edcia publicada hoje no Expresso Online com o t\u00edtulo: \u201cAplica\u00e7\u00e3o Passe Covid permite validar certificados que ainda n\u00e3o est\u00e3o em vigor\u201d, a Imprensa Nacional Casa da Moeda (INCM) esclarece o seguinte:<\/strong><\/p>\n<p style=\"font-weight: 400;\">&#8211; A aplica\u00e7\u00e3o m\u00f3vel de leitura do Certificado Digital Covid da UE \u201cPasse COVID\u201d utiliza a data e a hora de sistema para realizar as devidas valida\u00e7\u00f5es. O objetivo da aplica\u00e7\u00e3o \u00e9 permitir que as entidades que precisem de validar os certificados digitais COVID da Uni\u00e3o Europeia, em vigor desde 1 de julho, possam faz\u00ea-lo, de forma digital e mais r\u00e1pida, tendo assim uma aplica\u00e7\u00e3o vasta e sempre associada \u00e0s medidas definidas de combate \u00e0 pandemia resultante da Covid-19.<\/p>\n<p style=\"font-weight: 400;\">&#8211; Dada a crescente utiliza\u00e7\u00e3o, tornou-se indispens\u00e1vel que a aplica\u00e7\u00e3o pudesse realizar a valida\u00e7\u00e3o dos certificados em modo offline uma vez que este modo garante uma maior rapidez e uma melhor performance numa a\u00e7\u00e3o repetitiva de valida\u00e7\u00f5es, dispensando o acesso \u00e0 internet.<\/p>\n<p style=\"font-weight: 400;\">&#8211; O Certificado Digital Covid da UE inclui um c\u00f3digo QR com os dados necess\u00e1rios, bem como uma assinatura digital que impede falsifica\u00e7\u00f5es e que n\u00e3o permite altera\u00e7\u00f5es ao mesmo.<\/p>\n<p style=\"font-weight: 400;\">&#8211; O desenvolvimento da aplica\u00e7\u00e3o assume que o utilizador \u00e9 respons\u00e1vel pelas boas-pr\u00e1ticas na utiliza\u00e7\u00e3o da mesma. Ao instalar e\/ou utilizar a aplica\u00e7\u00e3o num dispositivo m\u00f3vel, considera-se que os seus utilizadores leram, aceitaram e concordaram em cumprir, sem reservas, os Termos e Condi\u00e7\u00f5es na sua totalidade, bem como a Pol\u00edtica de Privacidade, onde se pode ler que \u00e9 da responsabilidade do utilizador a n\u00e3o utiliza\u00e7\u00e3o da \u201caplica\u00e7\u00e3o para fins fraudulentos e lucrativos\u201d.<\/p>\n<p style=\"font-weight: 400;\">&#8211; Embora a aplica\u00e7\u00e3o n\u00e3o possa controlar as a\u00e7\u00f5es do seu utilizador, a INCM tem regularmente procurado minimizar os riscos de m\u00e1 utiliza\u00e7\u00e3o realizando atualiza\u00e7\u00f5es para melhorar as funcionalidades da aplica\u00e7\u00e3o e corresponder \u00e0s necessidades de todos os utilizadores.\u00a0<strong>Ser\u00e3o lan\u00e7adas em breve duas evolu\u00e7\u00f5es<\/strong>\u00a0que endere\u00e7am a atualiza\u00e7\u00e3o de regras e certificados:<\/p>\n<p>a) obriga\u00e7\u00e3o de se ligar a internet com uma frequ\u00eancia m\u00ednima adequada \u00e0 atualiza\u00e7\u00e3o dos certificados criptogr\u00e1ficos de valida\u00e7\u00e3o dos pa\u00edses e das regras da DGS, sendo que a sua aus\u00eancia impede a utiliza\u00e7\u00e3o da aplica\u00e7\u00e3o.<br \/>\nb) implementa\u00e7\u00e3o de um mecanismo que restringe a diferen\u00e7a entre a hora do telem\u00f3vel e a hora atual, quando este se encontra online.<\/p>\n<p><span style=\"font-weight: 400;\">&#8211; A quest\u00e3o suscitada na not\u00edcia referida diz respeito unicamente \u00e0 verifica\u00e7\u00e3o do decurso dos 14 dias ap\u00f3s a vacina\u00e7\u00e3o completa, que ser\u00e1 enquadrada atrav\u00e9s destas atualiza\u00e7\u00f5es da app, n\u00e3o estando nunca posta em causa a verifica\u00e7\u00e3o da exist\u00eancia de vacina\u00e7\u00e3o completa. Ou seja: os certificados de quem n\u00e3o tem vacina\u00e7\u00e3o completa ou de quem s\u00f3 tem uma dose das vacinas que requerem duas s\u00e3o sempre invalidados.<\/span><\/p>\n","protected":false},"excerpt":{"rendered":"<p>No seguimento da not\u00edcia publicada hoje no Expresso Online com o t\u00edtulo: \u201cAplica\u00e7\u00e3o Passe Covid permite validar certificados que ainda n\u00e3o est\u00e3o em vigor\u201d, a Imprensa Nacional Casa da Moeda (INCM) esclarece o seguinte: &#8211; A aplica\u00e7\u00e3o m\u00f3vel de leitura do Certificado Digital Covid da UE \u201cPasse COVID\u201d utiliza a data e a hora de [&hellip;]<\/p>\n","protected":false},"author":1,"featured_media":3919,"comment_status":"open","ping_status":"open","sticky":false,"template":"","format":"standard","meta":{"_acf_changed":false,"_et_pb_use_builder":"","_et_pb_old_content":"","_et_gb_content_width":"","footnotes":""},"categories":[18],"tags":[],"class_list":["post-3808","post","type-post","status-publish","format-standard","has-post-thumbnail","hentry","category-inovacao"],"acf":[],"_links":{"self":[{"href":"https:\/\/incm.pt\/site\/wp-json\/wp\/v2\/posts\/3808","targetHints":{"allow":["GET"]}}],"collection":[{"href":"https:\/\/incm.pt\/site\/wp-json\/wp\/v2\/posts"}],"about":[{"href":"https:\/\/incm.pt\/site\/wp-json\/wp\/v2\/types\/post"}],"author":[{"embeddable":true,"href":"https:\/\/incm.pt\/site\/wp-json\/wp\/v2\/users\/1"}],"replies":[{"embeddable":true,"href":"https:\/\/incm.pt\/site\/wp-json\/wp\/v2\/comments?post=3808"}],"version-history":[{"count":0,"href":"https:\/\/incm.pt\/site\/wp-json\/wp\/v2\/posts\/3808\/revisions"}],"wp:featuredmedia":[{"embeddable":true,"href":"https:\/\/incm.pt\/site\/wp-json\/wp\/v2\/media\/3919"}],"wp:attachment":[{"href":"https:\/\/incm.pt\/site\/wp-json\/wp\/v2\/media?parent=3808"}],"wp:term":[{"taxonomy":"category","embeddable":true,"href":"https:\/\/incm.pt\/site\/wp-json\/wp\/v2\/categories?post=3808"},{"taxonomy":"post_tag","embeddable":true,"href":"https:\/\/incm.pt\/site\/wp-json\/wp\/v2\/tags?post=3808"}],"curies":[{"name":"wp","href":"https:\/\/api.w.org\/{rel}","templated":true}]}}