{"id":37700,"date":"2025-08-01T08:38:56","date_gmt":"2025-08-01T08:38:56","guid":{"rendered":"https:\/\/incm.pt\/site\/?p=37700"},"modified":"2025-08-01T12:03:53","modified_gmt":"2025-08-01T12:03:53","slug":"candidaturas-abertas-ao-premio-imprensa-nacional-vasco-graca-moura-ensaio","status":"publish","type":"post","link":"https:\/\/incm.pt\/site\/candidaturas-abertas-ao-premio-imprensa-nacional-vasco-graca-moura-ensaio\/","title":{"rendered":"Candidaturas abertas ao Pr\u00e9mio INCM\/Vasco Gra\u00e7a Moura | Ensaio"},"content":{"rendered":"<p>De 1 de agosto a 30 de setembro decorre a fase de candidaturas \u00e0 11.\u00aa edi\u00e7\u00e3o do Pr\u00e9mio Imprensa Nacional\/Vasco Gra\u00e7a Moura. O galard\u00e3o, institu\u00eddo pela Imprensa Nacional-Casa da Moeda (INCM) e de periodicidade anual, distingue, rotativamente, trabalhos in\u00e9ditos nas \u00e1reas de atua\u00e7\u00e3o onde Vasco Gra\u00e7a Moura se destacou: Tradu\u00e7\u00e3o, Ensaio e Poesia. Na edi\u00e7\u00e3o deste ano est\u00e3o a concurso <strong>trabalhos in\u00e9ditos<\/strong> no dom\u00ednio do <strong>Ensaio (\u00e1rea das Humanidades)<\/strong>.<\/p>\n<p>O Pr\u00e9mio Imprensa Nacional\/Vasco Gra\u00e7a Moura contempla a edi\u00e7\u00e3o da obra premiada, assim como uma componente pecuni\u00e1ria de 5000 \u20ac para o vencedor. As candidaturas fazem-se exclusivamente <em>online<\/em> no <em>web<\/em><em>site <\/em>da <a href=\"https:\/\/imprensanacional.pt\/premios-literarios\/premio-imprensa-nacional-vasco-graca-moura\/\" target=\"_blank\" rel=\"noopener\">Imprensa Nacional<\/a>.<\/p>\n<p>O j\u00fari desta 11.\u00aa edi\u00e7\u00e3o \u00e9 composto por Clara Rowland (presidente), Jorge Reis-S\u00e1 e Joana Matos Frias.<\/p>\n<p>O Pr\u00e9mio foi institu\u00eddo em 2015 e tem por objetivo dar oportunidade de edi\u00e7\u00e3o a textos que dificilmente seriam publicados nas atuais condi\u00e7\u00f5es do mercado editorial, bem como homenagear a figura incontorn\u00e1vel de Vasco Gra\u00e7a Moura enquanto cidad\u00e3o, intelectual e antigo administrador da INCM. Enquanto administrador da empresa, entre 1979 e 1989, Vasco Gra\u00e7a Moura foi respons\u00e1vel por uma transforma\u00e7\u00e3o profunda do papel da editora p\u00fablica. A sua interven\u00e7\u00e3o na recomposi\u00e7\u00e3o do programa editorial passou pela cria\u00e7\u00e3o de cole\u00e7\u00f5es como a \u00abBiblioteca de Autores Portugueses\u00bb, sendo a primeira de v\u00e1rias, entretanto planeadas, como a \u00abEssencial\u00bb, a \u00abPlural\u00bb ou a \u00abBiblioteca de Autores Cl\u00e1ssicos\u00bb.<\/p>\n<p>Os resultados desta 11.\u00aa edi\u00e7\u00e3o do Pr\u00e9mio Imprensa Nacional\/Vasco Gra\u00e7a Moura ser\u00e3o conhecidos at\u00e9 90 dias ap\u00f3s o fecho das candidaturas e divulgados no <em>site<\/em> da <a href=\"https:\/\/imprensanacional.pt\/\" target=\"_blank\" rel=\"noopener\">Imprensa Nacional<\/a>.<\/p>\n<p><a href=\"https:\/\/imprensanacional.pt\/wp-content\/uploads\/2025\/07\/REG-PVGM.pdf\" target=\"_blank\" rel=\"noopener\">Regulamento do Pr\u00e9mio Imprensa Nacional\/Vasco Gra\u00e7a Moura<\/a><\/p>\n","protected":false},"excerpt":{"rendered":"<p>De 1 de agosto a 30 de setembro decorre a fase de candidaturas \u00e0 11.\u00aa edi\u00e7\u00e3o do Pr\u00e9mio Imprensa Nacional\/Vasco Gra\u00e7a Moura. O galard\u00e3o, institu\u00eddo pela Imprensa Nacional-Casa da Moeda (INCM) e de periodicidade anual, distingue, rotativamente, trabalhos in\u00e9ditos nas \u00e1reas de atua\u00e7\u00e3o onde Vasco Gra\u00e7a Moura se destacou: Tradu\u00e7\u00e3o, Ensaio e Poesia. Na edi\u00e7\u00e3o [&hellip;]<\/p>\n","protected":false},"author":26,"featured_media":37696,"comment_status":"open","ping_status":"open","sticky":false,"template":"","format":"standard","meta":{"_acf_changed":false,"_et_pb_use_builder":"","_et_pb_old_content":"","_et_gb_content_width":"","footnotes":""},"categories":[26],"tags":[],"class_list":["post-37700","post","type-post","status-publish","format-standard","has-post-thumbnail","hentry","category-cultura"],"acf":[],"_links":{"self":[{"href":"https:\/\/incm.pt\/site\/wp-json\/wp\/v2\/posts\/37700","targetHints":{"allow":["GET"]}}],"collection":[{"href":"https:\/\/incm.pt\/site\/wp-json\/wp\/v2\/posts"}],"about":[{"href":"https:\/\/incm.pt\/site\/wp-json\/wp\/v2\/types\/post"}],"author":[{"embeddable":true,"href":"https:\/\/incm.pt\/site\/wp-json\/wp\/v2\/users\/26"}],"replies":[{"embeddable":true,"href":"https:\/\/incm.pt\/site\/wp-json\/wp\/v2\/comments?post=37700"}],"version-history":[{"count":4,"href":"https:\/\/incm.pt\/site\/wp-json\/wp\/v2\/posts\/37700\/revisions"}],"predecessor-version":[{"id":37726,"href":"https:\/\/incm.pt\/site\/wp-json\/wp\/v2\/posts\/37700\/revisions\/37726"}],"wp:featuredmedia":[{"embeddable":true,"href":"https:\/\/incm.pt\/site\/wp-json\/wp\/v2\/media\/37696"}],"wp:attachment":[{"href":"https:\/\/incm.pt\/site\/wp-json\/wp\/v2\/media?parent=37700"}],"wp:term":[{"taxonomy":"category","embeddable":true,"href":"https:\/\/incm.pt\/site\/wp-json\/wp\/v2\/categories?post=37700"},{"taxonomy":"post_tag","embeddable":true,"href":"https:\/\/incm.pt\/site\/wp-json\/wp\/v2\/tags?post=37700"}],"curies":[{"name":"wp","href":"https:\/\/api.w.org\/{rel}","templated":true}]}}