{"id":3765,"date":"2021-11-10T21:51:53","date_gmt":"2021-11-10T21:51:53","guid":{"rendered":"https:\/\/incm.pt\/site\/?p=3765"},"modified":"2022-12-28T15:30:01","modified_gmt":"2022-12-28T15:30:01","slug":"contrastaria-cria-marca-solidaria-para-apoiar-a-ami","status":"publish","type":"post","link":"https:\/\/incm.pt\/site\/contrastaria-cria-marca-solidaria-para-apoiar-a-ami\/","title":{"rendered":"CONTRASTARIA CRIA MARCA SOLID\u00c1RIA PARA APOIAR A AMI"},"content":{"rendered":"<div>\n<p><strong><span lang=\"PT\">A Contrastaria, em conjunto com o setor de Ourivesaria e Joalharia nacional, desenvolveu uma campanha de cariz solid\u00e1rio para apoiar a AMI \u2013 Assist\u00eancia M\u00e9dica Internacional.<\/span><\/strong><\/p>\n<p>A marca associada a esta iniciativa \u00e9 um cora\u00e7\u00e3o desenhado por uma artista da INCM, Carolina Duarte, que poder\u00e1 ser inscrito junto \u00e0 marca de responsabilidade e \u00e0 marca de contraste nas pe\u00e7as de ourivesaria e joalharia.<\/p>\n<p><strong>O valor angariado nesta iniciativa reverte na totalidade para a AMI \u2013 Assist\u00eancia M\u00e9dica Internacional, numa altura em que as fam\u00edlias em situa\u00e7\u00e3o de vulnerabilidade e exclus\u00e3o social, em tantas partes do mundo, carecem cada vez mais de apoio de toda a comunidade.<span class=\"apple-converted-space\">\u00a0<\/span>A Contrastaria contribui com o seu saber e com a dedica\u00e7\u00e3o de todos os seus colaboradores para operacionalizar esta campanha, enquanto os operadores do setor contribuir\u00e3o com o custo da aposi\u00e7\u00e3o da marca a laser (0,50 \u20ac).<span class=\"apple-converted-space\">\u00a0<\/span><\/strong><\/p>\n<p>Por forma a vincar o momento, a simbologia e a singularidade destas pe\u00e7as, a aposi\u00e7\u00e3o da Marca Solid\u00e1ria \u00e9 limitada em n\u00famero e per\u00edodo de tempo. Para conferir o valor particular da pe\u00e7a, inerente \u00e0 exclusividade desta marca, e explicar a sua simbologia, a Contrastaria disponibilizar\u00e1 ainda um cart\u00e3o juntamente com as pe\u00e7as marcadas com este \u201ccora\u00e7\u00e3o solid\u00e1rio\u201d.<\/p>\n<\/div>\n","protected":false},"excerpt":{"rendered":"<p>A Contrastaria, em conjunto com o setor de Ourivesaria e Joalharia nacional, desenvolveu uma campanha de cariz solid\u00e1rio para apoiar a AMI \u2013 Assist\u00eancia M\u00e9dica Internacional. A marca associada a esta iniciativa \u00e9 um cora\u00e7\u00e3o desenhado por uma artista da INCM, Carolina Duarte, que poder\u00e1 ser inscrito junto \u00e0 marca de responsabilidade e \u00e0 marca [&hellip;]<\/p>\n","protected":false},"author":1,"featured_media":3905,"comment_status":"open","ping_status":"open","sticky":false,"template":"","format":"standard","meta":{"_acf_changed":false,"_et_pb_use_builder":"","_et_pb_old_content":"","_et_gb_content_width":"","footnotes":""},"categories":[27],"tags":[],"class_list":["post-3765","post","type-post","status-publish","format-standard","has-post-thumbnail","hentry","category-contrastaria"],"acf":[],"_links":{"self":[{"href":"https:\/\/incm.pt\/site\/wp-json\/wp\/v2\/posts\/3765","targetHints":{"allow":["GET"]}}],"collection":[{"href":"https:\/\/incm.pt\/site\/wp-json\/wp\/v2\/posts"}],"about":[{"href":"https:\/\/incm.pt\/site\/wp-json\/wp\/v2\/types\/post"}],"author":[{"embeddable":true,"href":"https:\/\/incm.pt\/site\/wp-json\/wp\/v2\/users\/1"}],"replies":[{"embeddable":true,"href":"https:\/\/incm.pt\/site\/wp-json\/wp\/v2\/comments?post=3765"}],"version-history":[{"count":0,"href":"https:\/\/incm.pt\/site\/wp-json\/wp\/v2\/posts\/3765\/revisions"}],"wp:featuredmedia":[{"embeddable":true,"href":"https:\/\/incm.pt\/site\/wp-json\/wp\/v2\/media\/3905"}],"wp:attachment":[{"href":"https:\/\/incm.pt\/site\/wp-json\/wp\/v2\/media?parent=3765"}],"wp:term":[{"taxonomy":"category","embeddable":true,"href":"https:\/\/incm.pt\/site\/wp-json\/wp\/v2\/categories?post=3765"},{"taxonomy":"post_tag","embeddable":true,"href":"https:\/\/incm.pt\/site\/wp-json\/wp\/v2\/tags?post=3765"}],"curies":[{"name":"wp","href":"https:\/\/api.w.org\/{rel}","templated":true}]}}