{"id":37637,"date":"2025-07-31T08:49:09","date_gmt":"2025-07-31T08:49:09","guid":{"rendered":"https:\/\/incm.pt\/site\/?p=37637"},"modified":"2025-07-31T08:49:09","modified_gmt":"2025-07-31T08:49:09","slug":"colaboracao-estrategica-com-incm-vai-fortalecer-soberania-tecnologica-da-colombia","status":"publish","type":"post","link":"https:\/\/incm.pt\/site\/colaboracao-estrategica-com-incm-vai-fortalecer-soberania-tecnologica-da-colombia\/","title":{"rendered":"Colabora\u00e7\u00e3o estrat\u00e9gica com INCM vai fortalecer soberania tecnol\u00f3gica da Col\u00f4mbia"},"content":{"rendered":"<p>O Minist\u00e9rio dos Neg\u00f3cios Estrangeiros da Col\u00f4mbia, atrav\u00e9s do Fondo Rotat\u00f3rio, a Imprensa Nacional da Col\u00f4mbia e a Imprensa Nacional\u2011Casa da Moeda de Portugal (INCM) celebraram um conv\u00e9nio que garantir\u00e1, num prazo de 10 anos, a autonomia total \u00e0 Rep\u00fablica da Col\u00f4mbia na personaliza\u00e7\u00e3o e produ\u00e7\u00e3o dos seus documentos oficiais.<\/p>\n<p>A parceria resulta do trabalho, realizado ao longo de v\u00e1rios meses,\u00a0onde se uniram as capacidades t\u00e9cnicas da INCM com a diplomacia da Embaixada de Portugal na Col\u00f4mbia.<\/p>\n<p>O contrato, com validade de dez anos, prev\u00ea a transfer\u00eancia, por parte da INCM, de conhecimentos, boas pr\u00e1ticas, forma\u00e7\u00e3o t\u00e9cnica cont\u00ednua e fornecimento de sistemas, equipamentos e infraestruturas \u00e0 sua cong\u00e9nere colombiana.<\/p>\n<p>Esta alian\u00e7a estrat\u00e9gica permitir\u00e1 que, findo o prazo definido, a Imprensa Nacional da Col\u00f4mbia assuma, de forma totalmente aut\u00f3noma e independente, a emiss\u00e3o de passaportes, vistos e outros documentos de viagem.<\/p>\n<p>No que diz respeito \u00e0 INCM, empresa do setor empresarial do Estado, 100% p\u00fablica, possibilita-lhe expandir a outras geografias compet\u00eancia e tecnologia portuguesas.<\/p>\n<p>Este modelo colaborativo representa uma iniciativa sem precedentes e um marco hist\u00f3rico: pela primeira vez, a Col\u00f4mbia contar\u00e1 com produ\u00e7\u00e3o pr\u00f3pria e independente de documentos oficiais.<\/p>\n","protected":false},"excerpt":{"rendered":"<p>O Minist\u00e9rio dos Neg\u00f3cios Estrangeiros da Col\u00f4mbia, atrav\u00e9s do Fondo Rotat\u00f3rio, a Imprensa Nacional da Col\u00f4mbia e a Imprensa Nacional\u2011Casa da Moeda de Portugal (INCM) celebraram um conv\u00e9nio que garantir\u00e1, num prazo de 10 anos, a autonomia total \u00e0 Rep\u00fablica da Col\u00f4mbia na personaliza\u00e7\u00e3o e produ\u00e7\u00e3o dos seus documentos oficiais. A parceria resulta do trabalho, [&hellip;]<\/p>\n","protected":false},"author":26,"featured_media":37633,"comment_status":"open","ping_status":"open","sticky":false,"template":"","format":"standard","meta":{"_acf_changed":false,"_et_pb_use_builder":"","_et_pb_old_content":"","_et_gb_content_width":"","footnotes":""},"categories":[214,19],"tags":[],"class_list":["post-37637","post","type-post","status-publish","format-standard","has-post-thumbnail","hentry","category-autenticacao","category-institucional"],"acf":[],"_links":{"self":[{"href":"https:\/\/incm.pt\/site\/wp-json\/wp\/v2\/posts\/37637","targetHints":{"allow":["GET"]}}],"collection":[{"href":"https:\/\/incm.pt\/site\/wp-json\/wp\/v2\/posts"}],"about":[{"href":"https:\/\/incm.pt\/site\/wp-json\/wp\/v2\/types\/post"}],"author":[{"embeddable":true,"href":"https:\/\/incm.pt\/site\/wp-json\/wp\/v2\/users\/26"}],"replies":[{"embeddable":true,"href":"https:\/\/incm.pt\/site\/wp-json\/wp\/v2\/comments?post=37637"}],"version-history":[{"count":1,"href":"https:\/\/incm.pt\/site\/wp-json\/wp\/v2\/posts\/37637\/revisions"}],"predecessor-version":[{"id":37638,"href":"https:\/\/incm.pt\/site\/wp-json\/wp\/v2\/posts\/37637\/revisions\/37638"}],"wp:featuredmedia":[{"embeddable":true,"href":"https:\/\/incm.pt\/site\/wp-json\/wp\/v2\/media\/37633"}],"wp:attachment":[{"href":"https:\/\/incm.pt\/site\/wp-json\/wp\/v2\/media?parent=37637"}],"wp:term":[{"taxonomy":"category","embeddable":true,"href":"https:\/\/incm.pt\/site\/wp-json\/wp\/v2\/categories?post=37637"},{"taxonomy":"post_tag","embeddable":true,"href":"https:\/\/incm.pt\/site\/wp-json\/wp\/v2\/tags?post=37637"}],"curies":[{"name":"wp","href":"https:\/\/api.w.org\/{rel}","templated":true}]}}