{"id":35813,"date":"2025-07-10T09:23:08","date_gmt":"2025-07-10T09:23:08","guid":{"rendered":"https:\/\/incm.pt\/site\/?p=35813"},"modified":"2025-07-10T09:23:08","modified_gmt":"2025-07-10T09:23:08","slug":"moeda-dedicada-a-simone-de-oliveira-apresentada-na-casa-do-artista","status":"publish","type":"post","link":"https:\/\/incm.pt\/site\/moeda-dedicada-a-simone-de-oliveira-apresentada-na-casa-do-artista\/","title":{"rendered":"Moeda dedicada a Simone de Oliveira apresentada na Casa do Artista"},"content":{"rendered":"<p>A moeda de cole\u00e7\u00e3o comemorativa dedicada \u00e0 cantora e int\u00e9rprete Simone de Oliveira, que faz parte da s\u00e9rie \u00abM\u00fasicos Portugueses\u00bb, foi ontem apresentada ao p\u00fablico na Casa do Artista.<\/p>\n<p>A apresenta\u00e7\u00e3o contou com a participa\u00e7\u00e3o de Simone de Oliveira, do jornalista e cr\u00edtico musical Nuno Galopim, curador da s\u00e9rie onde se insere a moeda que presta homenagem \u00e0 artista, de Nuno Guerra Santos, administrador da Imprensa Nacional-Casa da Moeda (INCM), e de Rita Assis, diretora de Marketing e Canais da INCM.<\/p>\n<p>Com o valor facial de 5\u20ac, esta moeda, desenhada pelo ilustrador Andr\u00e9 Carrilho, celebra uma das figuras mais marcantes da cultura portuguesa, com uma carreira not\u00e1vel na m\u00fasica e nas artes performativas, e conta com uma emiss\u00e3o limitada a 30 000 unidades em <a href=\"https:\/\/loja.incm.pt\/products\/moedas-simone-de-oliveira-12500820\">cupron\u00edquel<\/a> com acabamento normal, 3000 exemplares em <a href=\"https:\/\/loja.incm.pt\/products\/moedas-simone-de-oliveira-prata-proof-1026911\">prata<\/a> com acabamento especial <em>proof<\/em> (prova numism\u00e1tica) e 1500 exemplares em <a href=\"https:\/\/loja.incm.pt\/products\/moedas-simone-de-oliveira-ouro-proof-1026912\">ouro<\/a>, tamb\u00e9m com acabamento<em> proof<\/em>.<\/p>\n<p>Simone de Oliveira representou o Pa\u00eds por duas vezes no Festival da Eurovis\u00e3o, com as can\u00e7\u00f5es <em>Sol de Inverno<\/em> e <em>Desfolhada portuguesa<\/em>. Notabilizou-se tamb\u00e9m como atriz de cinema, teatro e televis\u00e3o.<\/p>\n","protected":false},"excerpt":{"rendered":"<p>A moeda de cole\u00e7\u00e3o comemorativa dedicada \u00e0 cantora e int\u00e9rprete Simone de Oliveira, que faz parte da s\u00e9rie \u00abM\u00fasicos Portugueses\u00bb, foi ontem apresentada ao p\u00fablico na Casa do Artista. A apresenta\u00e7\u00e3o contou com a participa\u00e7\u00e3o de Simone de Oliveira, do jornalista e cr\u00edtico musical Nuno Galopim, curador da s\u00e9rie onde se insere a moeda que [&hellip;]<\/p>\n","protected":false},"author":16,"featured_media":35814,"comment_status":"open","ping_status":"open","sticky":false,"template":"","format":"standard","meta":{"_acf_changed":false,"_et_pb_use_builder":"","_et_pb_old_content":"","_et_gb_content_width":"","footnotes":""},"categories":[20],"tags":[],"class_list":["post-35813","post","type-post","status-publish","format-standard","has-post-thumbnail","hentry","category-numismatica"],"acf":[],"_links":{"self":[{"href":"https:\/\/incm.pt\/site\/wp-json\/wp\/v2\/posts\/35813","targetHints":{"allow":["GET"]}}],"collection":[{"href":"https:\/\/incm.pt\/site\/wp-json\/wp\/v2\/posts"}],"about":[{"href":"https:\/\/incm.pt\/site\/wp-json\/wp\/v2\/types\/post"}],"author":[{"embeddable":true,"href":"https:\/\/incm.pt\/site\/wp-json\/wp\/v2\/users\/16"}],"replies":[{"embeddable":true,"href":"https:\/\/incm.pt\/site\/wp-json\/wp\/v2\/comments?post=35813"}],"version-history":[{"count":1,"href":"https:\/\/incm.pt\/site\/wp-json\/wp\/v2\/posts\/35813\/revisions"}],"predecessor-version":[{"id":35818,"href":"https:\/\/incm.pt\/site\/wp-json\/wp\/v2\/posts\/35813\/revisions\/35818"}],"wp:featuredmedia":[{"embeddable":true,"href":"https:\/\/incm.pt\/site\/wp-json\/wp\/v2\/media\/35814"}],"wp:attachment":[{"href":"https:\/\/incm.pt\/site\/wp-json\/wp\/v2\/media?parent=35813"}],"wp:term":[{"taxonomy":"category","embeddable":true,"href":"https:\/\/incm.pt\/site\/wp-json\/wp\/v2\/categories?post=35813"},{"taxonomy":"post_tag","embeddable":true,"href":"https:\/\/incm.pt\/site\/wp-json\/wp\/v2\/tags?post=35813"}],"curies":[{"name":"wp","href":"https:\/\/api.w.org\/{rel}","templated":true}]}}