{"id":31326,"date":"2025-06-02T09:36:16","date_gmt":"2025-06-02T09:36:16","guid":{"rendered":"https:\/\/incm.pt\/site\/?p=31326"},"modified":"2025-06-02T10:28:32","modified_gmt":"2025-06-02T10:28:32","slug":"candidaturas-a-3-a-edicao-premio-literario-incm-angola","status":"publish","type":"post","link":"https:\/\/incm.pt\/site\/candidaturas-a-3-a-edicao-premio-literario-incm-angola\/","title":{"rendered":"Candidaturas \u00e0 3.\u00aa edi\u00e7\u00e3o do Pr\u00e9mio Liter\u00e1rio INCM\/Angola"},"content":{"rendered":"<p>De 2 de junho a 31 de julho, os cidad\u00e3os angolanos ou os estrangeiros a residir em Angola h\u00e1 pelo menos 5 anos podem apresentar a sua candidatura \u00e0 3.\u00aa edi\u00e7\u00e3o do Pr\u00e9mio Liter\u00e1rio INCM\/Angola.<\/p>\n<p>O Pr\u00e9mio, institu\u00eddo pela Imprensa Nacional-Casa da Moeda (INCM), visa promover a l\u00edngua portuguesa e incentivar a cria\u00e7\u00e3o liter\u00e1ria angolana, distinguindo trabalhos in\u00e9ditos no dom\u00ednio da prosa.<\/p>\n<p>Os candidatos dever\u00e3o submeter os seus trabalhos exclusivamente <em>online<\/em>, no <em>website<\/em> da <a href=\"https:\/\/imprensanacional.pt\/premios-literarios\/premio-incm-angola\/candidatura-ao-premio-incm-angola\/\" target=\"_blank\" rel=\"noopener\">Imprensa Nacional<\/a>. O J\u00fari, presidido por An\u00edbal Jo\u00e3o Ribeiro, anunciar\u00e1 o vencedor at\u00e9 90 dias ap\u00f3s o fim do per\u00edodo de submiss\u00e3o de candidaturas.<\/p>\n<p>O galard\u00e3o contempla a edi\u00e7\u00e3o da obra premiada pela Imprensa Nacional, a chancela editorial da INCM, bem como uma componente pecuni\u00e1ria de 5 mil euros para o autor.<\/p>\n<p>A edi\u00e7\u00e3o inaugural do Pr\u00e9mio Liter\u00e1rio INCM\/Angola, em 2023, distinguiu a obra <em>Nem vara, nem cajado<\/em>, de S\u00e9rgio Fernandes, publicada pela Imprensa Nacional.<\/p>\n<p>Na segunda edi\u00e7\u00e3o deste galard\u00e3o, em 2024, o vencedor foi Israel Campos, tendo concorrido com o pseud\u00f3nimo \u201cNgang\u201d, com a obra\u00a0<em>Baloi\u00e7o de Mem\u00f3ria<\/em>, que trata de forma intimista temas como a guerrilha, a perda e as mem\u00f3rias desencontradas, expondo a fragilidade e a resili\u00eancia humanas perante os desafios da vida (em publica\u00e7\u00e3o). Nesta edi\u00e7\u00e3o F\u00e1bio Kintosh foi tamb\u00e9m distinguido com uma men\u00e7\u00e3o honrosa, pelo trabalho\u00a0<em>A Felicidade \u00e9 como uma Barata na Cozinha<\/em>.<\/p>\n<p>A Embaixada e o Cam\u00f5es \u2014 Centro Cultural Portugu\u00eas em Luanda s\u00e3o parceiros da INCM na promo\u00e7\u00e3o e divulga\u00e7\u00e3o deste pr\u00e9mio em Angola.<\/p>\n<p><strong><a href=\"https:\/\/imprensanacional.pt\/wp-content\/uploads\/2025\/06\/REGULAMENTO-PREMIO-INCM_ANGOLA.pdf\" target=\"_blank\" rel=\"noopener\">Regulamento Pr\u00e9mio INCM\/Angola<\/a> <\/strong><\/p>\n","protected":false},"excerpt":{"rendered":"<p>De 2 de junho a 31 de julho, os cidad\u00e3os angolanos ou os estrangeiros a residir em Angola h\u00e1 pelo menos 5 anos podem apresentar a sua candidatura \u00e0 3.\u00aa edi\u00e7\u00e3o do Pr\u00e9mio Liter\u00e1rio INCM\/Angola. O Pr\u00e9mio, institu\u00eddo pela Imprensa Nacional-Casa da Moeda (INCM), visa promover a l\u00edngua portuguesa e incentivar a cria\u00e7\u00e3o liter\u00e1ria angolana, [&hellip;]<\/p>\n","protected":false},"author":16,"featured_media":31327,"comment_status":"open","ping_status":"open","sticky":false,"template":"","format":"standard","meta":{"_acf_changed":false,"_et_pb_use_builder":"","_et_pb_old_content":"","_et_gb_content_width":"","footnotes":""},"categories":[26],"tags":[],"class_list":["post-31326","post","type-post","status-publish","format-standard","has-post-thumbnail","hentry","category-cultura"],"acf":[],"_links":{"self":[{"href":"https:\/\/incm.pt\/site\/wp-json\/wp\/v2\/posts\/31326","targetHints":{"allow":["GET"]}}],"collection":[{"href":"https:\/\/incm.pt\/site\/wp-json\/wp\/v2\/posts"}],"about":[{"href":"https:\/\/incm.pt\/site\/wp-json\/wp\/v2\/types\/post"}],"author":[{"embeddable":true,"href":"https:\/\/incm.pt\/site\/wp-json\/wp\/v2\/users\/16"}],"replies":[{"embeddable":true,"href":"https:\/\/incm.pt\/site\/wp-json\/wp\/v2\/comments?post=31326"}],"version-history":[{"count":2,"href":"https:\/\/incm.pt\/site\/wp-json\/wp\/v2\/posts\/31326\/revisions"}],"predecessor-version":[{"id":31349,"href":"https:\/\/incm.pt\/site\/wp-json\/wp\/v2\/posts\/31326\/revisions\/31349"}],"wp:featuredmedia":[{"embeddable":true,"href":"https:\/\/incm.pt\/site\/wp-json\/wp\/v2\/media\/31327"}],"wp:attachment":[{"href":"https:\/\/incm.pt\/site\/wp-json\/wp\/v2\/media?parent=31326"}],"wp:term":[{"taxonomy":"category","embeddable":true,"href":"https:\/\/incm.pt\/site\/wp-json\/wp\/v2\/categories?post=31326"},{"taxonomy":"post_tag","embeddable":true,"href":"https:\/\/incm.pt\/site\/wp-json\/wp\/v2\/tags?post=31326"}],"curies":[{"name":"wp","href":"https:\/\/api.w.org\/{rel}","templated":true}]}}