{"id":31014,"date":"2025-05-29T11:19:31","date_gmt":"2025-05-29T11:19:31","guid":{"rendered":"https:\/\/incm.pt\/site\/?p=31014"},"modified":"2025-05-29T11:19:31","modified_gmt":"2025-05-29T11:19:31","slug":"moeda-comemorativa-do-200-o-aniversario-do-nascimento-de-camilo-castelo-branco-apresentada-ao-publico-na-biblioteca-da-imprensa-nacional","status":"publish","type":"post","link":"https:\/\/incm.pt\/site\/moeda-comemorativa-do-200-o-aniversario-do-nascimento-de-camilo-castelo-branco-apresentada-ao-publico-na-biblioteca-da-imprensa-nacional\/","title":{"rendered":"Moeda comemorativa do 200.\u00ba Anivers\u00e1rio do Nascimento de Camilo Castelo Branco apresentada ao p\u00fablico na Biblioteca da Imprensa Nacional"},"content":{"rendered":"<p>A moeda comemorativa do 200.\u00ba Anivers\u00e1rio do Nascimento de Camilo Castelo Branco foi ontem \u00e0 tarde apresentada numa sess\u00e3o aberta ao p\u00fablico na Biblioteca da Imprensa Nacional, sendo uma homenagem \u00e0 obra, \u00e0 vasta produ\u00e7\u00e3o liter\u00e1ria e ao impacto cultural de um dos mais importantes autores da literatura portuguesa.<\/p>\n<p>A sess\u00e3o ficou marcada pela participa\u00e7\u00e3o de Duarte Azinheira, Administrador Executivo da Imprensa Nacional-Casa da Moeda, Isabel Al\u00e7ada e Ana Maria Magalh\u00e3es, autoras de <em>Camilo Castelo Branco Amores de Perdi\u00e7\u00e3o<\/em>, e Ivo Castro, coordenador da <em>Edi\u00e7\u00e3o Cr\u00edtica de Camilo Castelo Branco<\/em>.<\/p>\n<p>Esta moeda, concebida por Pedro Carvalho, tem o valor facial de 5\u20ac e conta com uma emiss\u00e3o limitada a 1500 moeda de ouro 999\u2030 com acabamento especial proof (prova numism\u00e1tica), 3000 moedas em prata 925\u2030, tamb\u00e9m em\u00a0<em>proof<\/em>, e 30 000 unidades em cupron\u00edquel com acabamento normal.<\/p>\n<p>Camilo Castelo Branco foi e continua a ser uma figura central da literatura portuguesa, cuja obra, nos dias de hoje, continua a ser recomendada, estudada e lida. Camilo Castelo Branco \u00e9 um autor prol\u00edfico e de estilo inconfund\u00edvel, que se destacou pela sua intensidade emocional, cr\u00edtica social e dom\u00ednio da l\u00edngua, espelhando perspicazmente os conflitos morais e sociais do seu tempo.<\/p>\n","protected":false},"excerpt":{"rendered":"<p>Moeda comemorativa do 200.\u00ba Anivers\u00e1rio do Nascimento de Camilo Castelo Branco apresentada ao p\u00fablico na Biblioteca da Imprensa Nacional<\/p>\n","protected":false},"author":26,"featured_media":31015,"comment_status":"open","ping_status":"open","sticky":false,"template":"","format":"standard","meta":{"_acf_changed":false,"_et_pb_use_builder":"","_et_pb_old_content":"","_et_gb_content_width":"","footnotes":""},"categories":[17],"tags":[],"class_list":["post-31014","post","type-post","status-publish","format-standard","has-post-thumbnail","hentry","category-eventos"],"acf":[],"_links":{"self":[{"href":"https:\/\/incm.pt\/site\/wp-json\/wp\/v2\/posts\/31014","targetHints":{"allow":["GET"]}}],"collection":[{"href":"https:\/\/incm.pt\/site\/wp-json\/wp\/v2\/posts"}],"about":[{"href":"https:\/\/incm.pt\/site\/wp-json\/wp\/v2\/types\/post"}],"author":[{"embeddable":true,"href":"https:\/\/incm.pt\/site\/wp-json\/wp\/v2\/users\/26"}],"replies":[{"embeddable":true,"href":"https:\/\/incm.pt\/site\/wp-json\/wp\/v2\/comments?post=31014"}],"version-history":[{"count":1,"href":"https:\/\/incm.pt\/site\/wp-json\/wp\/v2\/posts\/31014\/revisions"}],"predecessor-version":[{"id":31019,"href":"https:\/\/incm.pt\/site\/wp-json\/wp\/v2\/posts\/31014\/revisions\/31019"}],"wp:featuredmedia":[{"embeddable":true,"href":"https:\/\/incm.pt\/site\/wp-json\/wp\/v2\/media\/31015"}],"wp:attachment":[{"href":"https:\/\/incm.pt\/site\/wp-json\/wp\/v2\/media?parent=31014"}],"wp:term":[{"taxonomy":"category","embeddable":true,"href":"https:\/\/incm.pt\/site\/wp-json\/wp\/v2\/categories?post=31014"},{"taxonomy":"post_tag","embeddable":true,"href":"https:\/\/incm.pt\/site\/wp-json\/wp\/v2\/tags?post=31014"}],"curies":[{"name":"wp","href":"https:\/\/api.w.org\/{rel}","templated":true}]}}