{"id":30856,"date":"2025-05-26T09:41:28","date_gmt":"2025-05-26T09:41:28","guid":{"rendered":"https:\/\/incm.pt\/site\/?p=30856"},"modified":"2025-05-26T11:29:51","modified_gmt":"2025-05-26T11:29:51","slug":"candidaturas-abertas-a-1-a-edicao-do-premio-de-responsabilidade-social-incmsolidaria","status":"publish","type":"post","link":"https:\/\/incm.pt\/site\/candidaturas-abertas-a-1-a-edicao-do-premio-de-responsabilidade-social-incmsolidaria\/","title":{"rendered":"Candidaturas abertas \u00e0 1.\u00aa edi\u00e7\u00e3o do Pr\u00e9mio de Responsabilidade Social INCM+Solid\u00e1ria"},"content":{"rendered":"<p>[et_pb_section fb_built=&#8221;1&#8243; admin_label=&#8221;section&#8221; _builder_version=&#8221;4.16&#8243; global_colors_info=&#8221;{}&#8221;][et_pb_row admin_label=&#8221;row&#8221; _builder_version=&#8221;4.16&#8243; background_size=&#8221;initial&#8221; background_position=&#8221;top_left&#8221; background_repeat=&#8221;repeat&#8221; global_colors_info=&#8221;{}&#8221;][et_pb_column type=&#8221;4_4&#8243; _builder_version=&#8221;4.16&#8243; custom_padding=&#8221;|||&#8221; global_colors_info=&#8221;{}&#8221; custom_padding__hover=&#8221;|||&#8221;][et_pb_text admin_label=&#8221;Text&#8221; _builder_version=&#8221;4.27.4&#8243; background_size=&#8221;initial&#8221; background_position=&#8221;top_left&#8221; background_repeat=&#8221;repeat&#8221; global_colors_info=&#8221;{}&#8221;]At\u00e9 30 de junho, est\u00e3o abertas as candidaturas ao Pr\u00e9mio de Responsabilidade Social INCM+Solid\u00e1ria, uma iniciativa da Imprensa Nacional-Casa da Moeda (INCM) que visa distinguir projetos que promovam a redu\u00e7\u00e3o de desigualdades, a inclus\u00e3o social e um trabalho digno.<\/p>\n<p>Podem concorrer ao Pr\u00e9mio INCM+Solid\u00e1ria pessoas coletivas de direito privado sem fins lucrativos que integrem a economia social e assumam a forma jur\u00eddica das entidades enunciadas no Estatuto dos Benef\u00edcios Fiscais. Ao projeto vencedor ser\u00e1 atribu\u00eddo um apoio de 15 000 \u20ac (quinze mil euros) para a sua concretiza\u00e7\u00e3o, mediante a celebra\u00e7\u00e3o de um protocolo entre a INCM e a entidade distinguida.<\/p>\n<p>No atual contexto e face \u00e0 natureza da INCM, a \u00e1rea de interven\u00e7\u00e3o do projeto a premiar deve ser no \u00e2mbito da igualdade, diversidade e inclus\u00e3o, abrangendo diversos p\u00fablicos-alvo, com o objetivo de assegurar a respetiva capacita\u00e7\u00e3o, a promo\u00e7\u00e3o da cultura e da l\u00edngua portuguesas e a empregabilidade, atrav\u00e9s de solu\u00e7\u00f5es inovadoras, exequ\u00edveis, consistentes e que promovam impacto a m\u00e9dio prazo.<\/p>\n<p>Os projetos devem ser submetidos, exclusivamente, por via eletr\u00f3nica, atrav\u00e9s do preenchimento do <a href=\"https:\/\/incm.pt\/site\/responsabilidade-social\/premio\/candidatura-premio-de-responsabilidade-social\/\">formul\u00e1rio de candidatura<\/a> dispon\u00edvel no site da INCM.<\/p>\n<p>De acordo com o <a href=\"https:\/\/incm.pt\/site\/wp-content\/uploads\/2025\/04\/Regulamento_Premio_Resp_Social_INCM_Mais_Solidaria_2025.pdf\">regulamento do Pr\u00e9mio<\/a>, o <a href=\"https:\/\/incm.pt\/site\/responsabilidade-social\/premio\/juri-do-premio-de-responsabilidade-social\/\">j\u00fari<\/a>, presidido por Concei\u00e7\u00e3o Zagalo, avaliar\u00e1 os projetos submetidos tendo em conta o seu impacto social, a sua relev\u00e2ncia, o seu potencial de crescimento, o detalhe do seu or\u00e7amento, a inova\u00e7\u00e3o da solu\u00e7\u00e3o proposta e a capacidade da entidade concorrente para o implementar.<\/p>\n<p>Este Pr\u00e9mio refor\u00e7a o compromisso da INCM para com a sociedade, reconhecendo a import\u00e2ncia das entidades do sector social que promovem e desenvolvem projetos inovadores para as pessoas e para o planeta, contribuindo para um mundo melhor.<\/p>\n<p>Saiba mais em <a href=\"https:\/\/incm.pt\/site\/responsabilidade-social\/premio\/\">Pr\u00e9mio de Responsabilidade Social INCM+Solid\u00e1ria<\/a>.[\/et_pb_text][\/et_pb_column][\/et_pb_row][\/et_pb_section]<\/p>\n","protected":false},"excerpt":{"rendered":"<p>At\u00e9 30 de junho, est\u00e3o abertas as candidaturas ao Pr\u00e9mio de Responsabilidade Social INCM+Solid\u00e1ria, uma iniciativa da Imprensa Nacional-Casa da Moeda (INCM) que visa distinguir projetos que promovam a redu\u00e7\u00e3o de desigualdades, a inclus\u00e3o social e um trabalho digno. Podem concorrer ao Pr\u00e9mio INCM+Solid\u00e1ria pessoas coletivas de direito privado sem fins lucrativos que integrem a [&hellip;]<\/p>\n","protected":false},"author":26,"featured_media":30858,"comment_status":"open","ping_status":"open","sticky":false,"template":"","format":"standard","meta":{"_acf_changed":false,"_et_pb_use_builder":"on","_et_pb_old_content":"At\u00e9 30 de junho, est\u00e3o abertas as candidaturas ao Pr\u00e9mio de Responsabilidade Social INCM+Solid\u00e1ria, uma iniciativa da Imprensa Nacional-Casa da Moeda (INCM) que visa distinguir projetos que promovam a redu\u00e7\u00e3o de desigualdades, a inclus\u00e3o social e um trabalho digno.\r\n\r\nPodem concorrer ao Pr\u00e9mio INCM+Solid\u00e1ria pessoas coletivas de direito privado sem fins lucrativos que integrem a economia social e assumam a forma jur\u00eddica das entidades enunciadas no Estatuto dos Benef\u00edcios Fiscais. Ao projeto vencedor ser\u00e1 atribu\u00eddo um apoio de 15 000 \u20ac (quinze mil euros) para a sua concretiza\u00e7\u00e3o, mediante a celebra\u00e7\u00e3o de um protocolo entre a INCM e a entidade distinguida.\r\n\r\nNo atual contexto e face \u00e0 natureza da INCM, a \u00e1rea de interven\u00e7\u00e3o do projeto a premiar deve ser no \u00e2mbito da igualdade, diversidade e inclus\u00e3o, abrangendo diversos p\u00fablicos-alvo, com o objetivo de assegurar a respetiva capacita\u00e7\u00e3o, a promo\u00e7\u00e3o da cultura e da l\u00edngua portuguesas e a empregabilidade, atrav\u00e9s de solu\u00e7\u00f5es inovadoras, exequ\u00edveis, consistentes e que promovam impacto a m\u00e9dio prazo.\r\n\r\nOs projetos devem ser submetidos, exclusivamente, por via eletr\u00f3nica, atrav\u00e9s do preenchimento do <a href=\"https:\/\/incm.pt\/site\/responsabilidade-social\/premio\/candidatura-premio-de-responsabilidade-social\/\">formul\u00e1rio de candidatura<\/a> dispon\u00edvel no site da INCM.\r\n\r\nDe acordo com o <a href=\"https:\/\/incm.pt\/site\/wp-content\/uploads\/2025\/04\/Regulamento_Premio_Resp_Social_INCM_Mais_Solidaria_2025.pdf\">regulamento do Pr\u00e9mio<\/a>, o <a href=\"https:\/\/incm.pt\/site\/responsabilidade-social\/premio\/juri-do-premio-de-responsabilidade-social\/\">j\u00fari<\/a>, presidido por Concei\u00e7\u00e3o Zagalo, avaliar\u00e1 os projetos submetidos tendo em conta o seu impacto social, a sua relev\u00e2ncia, o seu potencial de crescimento, o detalhe do seu or\u00e7amento, a inova\u00e7\u00e3o da solu\u00e7\u00e3o proposta e a capacidade da entidade concorrente para o implementar.\r\n\r\nEste Pr\u00e9mio refor\u00e7a o compromisso da INCM para com a sociedade, reconhecendo a import\u00e2ncia das entidades do sector social que promovem e desenvolvem projetos inovadores para as pessoas e para o planeta, contribuindo para um mundo melhor.\r\n\r\nSaiba mais em <a href=\"https:\/\/incm.pt\/site\/responsabilidade-social\/premio\/candidatura-premio-de-responsabilidade-social\/\">Pr\u00e9mio de Responsabilidade Social INCM+Solid\u00e1ria<\/a>.","_et_gb_content_width":"","footnotes":""},"categories":[19],"tags":[],"class_list":["post-30856","post","type-post","status-publish","format-standard","has-post-thumbnail","hentry","category-institucional"],"acf":[],"_links":{"self":[{"href":"https:\/\/incm.pt\/site\/wp-json\/wp\/v2\/posts\/30856","targetHints":{"allow":["GET"]}}],"collection":[{"href":"https:\/\/incm.pt\/site\/wp-json\/wp\/v2\/posts"}],"about":[{"href":"https:\/\/incm.pt\/site\/wp-json\/wp\/v2\/types\/post"}],"author":[{"embeddable":true,"href":"https:\/\/incm.pt\/site\/wp-json\/wp\/v2\/users\/26"}],"replies":[{"embeddable":true,"href":"https:\/\/incm.pt\/site\/wp-json\/wp\/v2\/comments?post=30856"}],"version-history":[{"count":4,"href":"https:\/\/incm.pt\/site\/wp-json\/wp\/v2\/posts\/30856\/revisions"}],"predecessor-version":[{"id":30880,"href":"https:\/\/incm.pt\/site\/wp-json\/wp\/v2\/posts\/30856\/revisions\/30880"}],"wp:featuredmedia":[{"embeddable":true,"href":"https:\/\/incm.pt\/site\/wp-json\/wp\/v2\/media\/30858"}],"wp:attachment":[{"href":"https:\/\/incm.pt\/site\/wp-json\/wp\/v2\/media?parent=30856"}],"wp:term":[{"taxonomy":"category","embeddable":true,"href":"https:\/\/incm.pt\/site\/wp-json\/wp\/v2\/categories?post=30856"},{"taxonomy":"post_tag","embeddable":true,"href":"https:\/\/incm.pt\/site\/wp-json\/wp\/v2\/tags?post=30856"}],"curies":[{"name":"wp","href":"https:\/\/api.w.org\/{rel}","templated":true}]}}