{"id":27461,"date":"2025-05-02T08:52:43","date_gmt":"2025-05-02T08:52:43","guid":{"rendered":"https:\/\/incm.pt\/site\/?p=27461"},"modified":"2025-05-02T08:52:43","modified_gmt":"2025-05-02T08:52:43","slug":"candidaturas-abertas-a-8-a-edicao-do-premio-literario-arnaldo-franca","status":"publish","type":"post","link":"https:\/\/incm.pt\/site\/candidaturas-abertas-a-8-a-edicao-do-premio-literario-arnaldo-franca\/","title":{"rendered":"Candidaturas abertas \u00e0 8.\u00aa edi\u00e7\u00e3o do Pr\u00e9mio Liter\u00e1rio Arnaldo Fran\u00e7a"},"content":{"rendered":"<p>De 2 de maio a 30 de junho, est\u00e3o abertas as candidaturas \u00e0 8.\u00aa edi\u00e7\u00e3o do Pr\u00e9mio Liter\u00e1rio Arnaldo Fran\u00e7a. O galard\u00e3o, institu\u00eddo e promovido em parceria pela Imprensa Nacional-Casa da Moeda (INCM) e pela Imprensa Nacional de Cabo Verde (INCV), tem como prop\u00f3sito a promo\u00e7\u00e3o da l\u00edngua portuguesa e do talento liter\u00e1rio em Cabo Verde.<\/p>\n<p>Podem concorrer ao Pr\u00e9mio textos originais e in\u00e9ditos, no dom\u00ednio da prosa liter\u00e1ria, em l\u00edngua portuguesa, cujos autores sejam cidad\u00e3os cabo-verdianos ou residentes em Cabo Verde h\u00e1 mais de 5 anos, que n\u00e3o tenham sido apresentados a nenhum outro concurso com decis\u00e3o pendente e que respeitem o <a href=\"https:\/\/imprensanacional.pt\/wp-content\/uploads\/2025\/05\/REGULAMENTOPLAF25.pdf\" target=\"_blank\" rel=\"noopener\">regulamento do concurso<\/a>.<\/p>\n<p>O Pr\u00e9mio Liter\u00e1rio Arnaldo Fran\u00e7a contempla a edi\u00e7\u00e3o da obra premiada, assim como uma componente pecuni\u00e1ria de 5000 \u20ac a t\u00edtulo de pr\u00e9mio.<\/p>\n<p>\u00c0 semelhan\u00e7a da edi\u00e7\u00e3o anterior, nesta 8.\u00aa edi\u00e7\u00e3o do Pr\u00e9mio Liter\u00e1rio Arnaldo Fran\u00e7a as candidaturas fazem-se exclusivamente <em>online<\/em> no site da <a href=\"https:\/\/imprensanacional.pt\/premios-literarios\/premio-arnaldo-franca\/\" target=\"_blank\" rel=\"noopener\">Imprensa Nacional<\/a>.<\/p>\n<p>Preside ao j\u00fari o escritor e professor universit\u00e1rio Manuel Brito-Semedo. Maria de F\u00e1tima Fernandes, professora universit\u00e1ria, e Paula Mendes, editora-chefe da Imprensa Nacional, s\u00e3o os dois outros elementos que comp\u00f5em o j\u00fari do Pr\u00e9mio.<\/p>\n<p>De recordar que, nas edi\u00e7\u00f5es anteriores do Pr\u00e9mio Liter\u00e1rio Arnaldo Fran\u00e7a, foram distinguidas as seguintes obras: <em>Beato Sabino,<\/em> de Olavo Delgado Correia<em>, Contos de Cabo Verde,<\/em> de Benvindo Gomes Semedo, <em>Sul 1<\/em>, de Jorge Oct\u00e1vio Soares Silva, <em>Destino Aziago<\/em>, de Jos\u00e9 Joaquim Cabral, <em>O Sabor da \u00c1gua da Chuva e Outras Mem\u00f3rias da Amiga Perfeita<\/em>, de Joaquim Arena, <em>Mata-me depois<\/em>, de Evel Rocha, e <em>Migra\u00e7\u00f5es<\/em>, de H\u00e9lio Tavares. Foi ainda atribu\u00edda uma men\u00e7\u00e3o honrosa, em 2018, a <em>O Sonho de \u00cdcaro,<\/em> de Onestaldo Gon\u00e7alves.<\/p>\n<p>A decis\u00e3o do j\u00fari ser\u00e1 conhecida at\u00e9 90 dias ap\u00f3s o fecho das candidaturas e anunciada nos sites da <a href=\"https:\/\/imprensanacional.pt\/premios-literarios\/premio-arnaldo-franca\/\" target=\"_blank\" rel=\"noopener\">Imprensa Nacional<\/a> e da <a href=\"https:\/\/incv.cv\/\" target=\"_blank\" rel=\"noopener\">Imprensa Nacional de Cabo Verde<\/a>.<\/p>\n","protected":false},"excerpt":{"rendered":"<p>De 2 de maio a 30 de junho, est\u00e3o abertas as candidaturas \u00e0 8.\u00aa edi\u00e7\u00e3o do Pr\u00e9mio Liter\u00e1rio Arnaldo Fran\u00e7a. O galard\u00e3o, institu\u00eddo e promovido em parceria pela Imprensa Nacional-Casa da Moeda (INCM) e pela Imprensa Nacional de Cabo Verde (INCV), tem como prop\u00f3sito a promo\u00e7\u00e3o da l\u00edngua portuguesa e do talento liter\u00e1rio em Cabo [&hellip;]<\/p>\n","protected":false},"author":26,"featured_media":27457,"comment_status":"open","ping_status":"open","sticky":false,"template":"","format":"standard","meta":{"_acf_changed":false,"_et_pb_use_builder":"","_et_pb_old_content":"","_et_gb_content_width":"","footnotes":""},"categories":[26],"tags":[],"class_list":["post-27461","post","type-post","status-publish","format-standard","has-post-thumbnail","hentry","category-cultura"],"acf":[],"_links":{"self":[{"href":"https:\/\/incm.pt\/site\/wp-json\/wp\/v2\/posts\/27461","targetHints":{"allow":["GET"]}}],"collection":[{"href":"https:\/\/incm.pt\/site\/wp-json\/wp\/v2\/posts"}],"about":[{"href":"https:\/\/incm.pt\/site\/wp-json\/wp\/v2\/types\/post"}],"author":[{"embeddable":true,"href":"https:\/\/incm.pt\/site\/wp-json\/wp\/v2\/users\/26"}],"replies":[{"embeddable":true,"href":"https:\/\/incm.pt\/site\/wp-json\/wp\/v2\/comments?post=27461"}],"version-history":[{"count":2,"href":"https:\/\/incm.pt\/site\/wp-json\/wp\/v2\/posts\/27461\/revisions"}],"predecessor-version":[{"id":27464,"href":"https:\/\/incm.pt\/site\/wp-json\/wp\/v2\/posts\/27461\/revisions\/27464"}],"wp:featuredmedia":[{"embeddable":true,"href":"https:\/\/incm.pt\/site\/wp-json\/wp\/v2\/media\/27457"}],"wp:attachment":[{"href":"https:\/\/incm.pt\/site\/wp-json\/wp\/v2\/media?parent=27461"}],"wp:term":[{"taxonomy":"category","embeddable":true,"href":"https:\/\/incm.pt\/site\/wp-json\/wp\/v2\/categories?post=27461"},{"taxonomy":"post_tag","embeddable":true,"href":"https:\/\/incm.pt\/site\/wp-json\/wp\/v2\/tags?post=27461"}],"curies":[{"name":"wp","href":"https:\/\/api.w.org\/{rel}","templated":true}]}}