{"id":2693,"date":"2021-06-17T16:34:21","date_gmt":"2021-06-17T16:34:21","guid":{"rendered":"https:\/\/incm.pt\/site\/?p=2693"},"modified":"2022-12-28T15:35:38","modified_gmt":"2022-12-28T15:35:38","slug":"17-edicao-forum-europeu-jornais-oficiais","status":"publish","type":"post","link":"https:\/\/incm.pt\/site\/17-edicao-forum-europeu-jornais-oficiais\/","title":{"rendered":"17.\u00aa EDI\u00c7\u00c3O DO F\u00d3RUM EUROPEU DE JORNAIS OFICIAIS"},"content":{"rendered":"<p><strong>A INCM organiza a 17.\u00aa edi\u00e7\u00e3o do F\u00f3rum Europeu de Jornais Oficiais, que se realiza sob a \u00e9gide da presid\u00eancia portuguesa do Conselho da Uni\u00e3o Europeia, dias 17 e 18 de junho, reunindo, al\u00e9m dos 27 Estados membros, mais uma dezena de pa\u00edses convidados.<\/strong> Ao longo destes dias, os participantes ir\u00e3o partilhar ideias e informa\u00e7\u00e3o sobre melhores pr\u00e1ticas, tecnologia e processos usados na publica\u00e7\u00e3o de diplomas legais e demais atos oficiais.<\/p>\n","protected":false},"excerpt":{"rendered":"<p>A INCM organiza a 17.\u00aa edi\u00e7\u00e3o do F\u00f3rum Europeu de Jornais Oficiais, que se realiza sob a \u00e9gide da presid\u00eancia portuguesa do Conselho da Uni\u00e3o Europeia, dias 17 e 18 de junho, reunindo, al\u00e9m dos 27 Estados membros, mais uma dezena de pa\u00edses convidados. Ao longo destes dias, os participantes ir\u00e3o partilhar ideias e informa\u00e7\u00e3o [&hellip;]<\/p>\n","protected":false},"author":1,"featured_media":3927,"comment_status":"open","ping_status":"open","sticky":false,"template":"","format":"standard","meta":{"_acf_changed":false,"_et_pb_use_builder":"","_et_pb_old_content":"","_et_gb_content_width":"","footnotes":""},"categories":[19],"tags":[],"class_list":["post-2693","post","type-post","status-publish","format-standard","has-post-thumbnail","hentry","category-institucional"],"acf":[],"_links":{"self":[{"href":"https:\/\/incm.pt\/site\/wp-json\/wp\/v2\/posts\/2693","targetHints":{"allow":["GET"]}}],"collection":[{"href":"https:\/\/incm.pt\/site\/wp-json\/wp\/v2\/posts"}],"about":[{"href":"https:\/\/incm.pt\/site\/wp-json\/wp\/v2\/types\/post"}],"author":[{"embeddable":true,"href":"https:\/\/incm.pt\/site\/wp-json\/wp\/v2\/users\/1"}],"replies":[{"embeddable":true,"href":"https:\/\/incm.pt\/site\/wp-json\/wp\/v2\/comments?post=2693"}],"version-history":[{"count":0,"href":"https:\/\/incm.pt\/site\/wp-json\/wp\/v2\/posts\/2693\/revisions"}],"wp:featuredmedia":[{"embeddable":true,"href":"https:\/\/incm.pt\/site\/wp-json\/wp\/v2\/media\/3927"}],"wp:attachment":[{"href":"https:\/\/incm.pt\/site\/wp-json\/wp\/v2\/media?parent=2693"}],"wp:term":[{"taxonomy":"category","embeddable":true,"href":"https:\/\/incm.pt\/site\/wp-json\/wp\/v2\/categories?post=2693"},{"taxonomy":"post_tag","embeddable":true,"href":"https:\/\/incm.pt\/site\/wp-json\/wp\/v2\/tags?post=2693"}],"curies":[{"name":"wp","href":"https:\/\/api.w.org\/{rel}","templated":true}]}}