{"id":26853,"date":"2025-04-04T15:56:52","date_gmt":"2025-04-04T15:56:52","guid":{"rendered":"https:\/\/incm.pt\/site\/?p=26853"},"modified":"2025-04-04T15:56:52","modified_gmt":"2025-04-04T15:56:52","slug":"exposicao-desenho-e-engenho-patente-na-imprensa-nacional","status":"publish","type":"post","link":"https:\/\/incm.pt\/site\/exposicao-desenho-e-engenho-patente-na-imprensa-nacional\/","title":{"rendered":"Exposi\u00e7\u00e3o \u00abDesenho e Engenho\u00bb patente na Imprensa Nacional"},"content":{"rendered":"<p>Foi ontem inaugurada a\u00a0exposi\u00e7\u00e3o \u00abDesenho e Engenho\u00bb, que re\u00fane as obras dos artistas portugueses distinguidos em 2024 com o Pr\u00e9mio de Arte INCM, no \u00e2mbito da feira de arte internacional Drawing Room Lisboa: Fernanda Fragateiro (<em>Estruturas de pensamento<\/em>), Rodrigo Oliveira (<em>Cana-Verde, Papagaio, Verde-Gaio) e<\/em>\u00a0Samuel Rama (<em>Desenhos e plantas<\/em>).<\/p>\n<p>A exposi\u00e7\u00e3o, de entrada livre, vai estar patente at\u00e9 dia 20 de junho, entre as 10h e as 18h, na Galeria Imprensa Nacional, Rua da Escola Polit\u00e9cnica, 135, Lisboa.<\/p>\n<p>Desenho que \u00e9 por si engenho, engenho que tamb\u00e9m \u00e9 desenho, sendo ambos cria\u00e7\u00e3o. Na sobreposi\u00e7\u00e3o e cruzamento destes dois termos, \u00e9 poss\u00edvel fazer uma leitura das obras patentes na exposi\u00e7\u00e3o e colocar quest\u00f5es, nesse que \u00e9 tamb\u00e9m o papel da arte.<\/p>\n","protected":false},"excerpt":{"rendered":"<p>Foi ontem inaugurada a\u00a0exposi\u00e7\u00e3o \u00abDesenho e Engenho\u00bb, que re\u00fane as obras dos artistas portugueses distinguidos em 2024 com o Pr\u00e9mio de Arte INCM, no \u00e2mbito da feira de arte internacional Drawing Room Lisboa: Fernanda Fragateiro (Estruturas de pensamento), Rodrigo Oliveira (Cana-Verde, Papagaio, Verde-Gaio) e\u00a0Samuel Rama (Desenhos e plantas). A exposi\u00e7\u00e3o, de entrada livre, vai estar [&hellip;]<\/p>\n","protected":false},"author":16,"featured_media":26854,"comment_status":"open","ping_status":"open","sticky":false,"template":"","format":"standard","meta":{"_acf_changed":false,"_et_pb_use_builder":"","_et_pb_old_content":"","_et_gb_content_width":"","footnotes":""},"categories":[26],"tags":[],"class_list":["post-26853","post","type-post","status-publish","format-standard","has-post-thumbnail","hentry","category-cultura"],"acf":[],"_links":{"self":[{"href":"https:\/\/incm.pt\/site\/wp-json\/wp\/v2\/posts\/26853","targetHints":{"allow":["GET"]}}],"collection":[{"href":"https:\/\/incm.pt\/site\/wp-json\/wp\/v2\/posts"}],"about":[{"href":"https:\/\/incm.pt\/site\/wp-json\/wp\/v2\/types\/post"}],"author":[{"embeddable":true,"href":"https:\/\/incm.pt\/site\/wp-json\/wp\/v2\/users\/16"}],"replies":[{"embeddable":true,"href":"https:\/\/incm.pt\/site\/wp-json\/wp\/v2\/comments?post=26853"}],"version-history":[{"count":1,"href":"https:\/\/incm.pt\/site\/wp-json\/wp\/v2\/posts\/26853\/revisions"}],"predecessor-version":[{"id":26858,"href":"https:\/\/incm.pt\/site\/wp-json\/wp\/v2\/posts\/26853\/revisions\/26858"}],"wp:featuredmedia":[{"embeddable":true,"href":"https:\/\/incm.pt\/site\/wp-json\/wp\/v2\/media\/26854"}],"wp:attachment":[{"href":"https:\/\/incm.pt\/site\/wp-json\/wp\/v2\/media?parent=26853"}],"wp:term":[{"taxonomy":"category","embeddable":true,"href":"https:\/\/incm.pt\/site\/wp-json\/wp\/v2\/categories?post=26853"},{"taxonomy":"post_tag","embeddable":true,"href":"https:\/\/incm.pt\/site\/wp-json\/wp\/v2\/tags?post=26853"}],"curies":[{"name":"wp","href":"https:\/\/api.w.org\/{rel}","templated":true}]}}