{"id":25977,"date":"2025-01-07T09:27:27","date_gmt":"2025-01-07T09:27:27","guid":{"rendered":"https:\/\/incm.pt\/site\/?p=25977"},"modified":"2025-01-07T09:27:27","modified_gmt":"2025-01-07T09:27:27","slug":"recicla-dr-dar-uma-nova-vida-as-edicoes-do-diario-da-republica-obsoletas","status":"publish","type":"post","link":"https:\/\/incm.pt\/site\/recicla-dr-dar-uma-nova-vida-as-edicoes-do-diario-da-republica-obsoletas\/","title":{"rendered":"Recicla DR: dar uma nova vida \u00e0s edi\u00e7\u00f5es do Di\u00e1rio da Rep\u00fablica obsoletas"},"content":{"rendered":"<p>A Imprensa Nacional-Casa da Moeda (INCM), alinhada com os seus compromissos de sustentabilidade e promo\u00e7\u00e3o da economia circular, lan\u00e7a a iniciativa &#8220;Recicla DR&#8221;.<\/p>\n<p>Esta a\u00e7\u00e3o visa a recolha de edi\u00e7\u00f5es antigas em papel do Di\u00e1rio da Rep\u00fablica (DR), que j\u00e1 n\u00e3o sejam utilizadas pelos seus detentores, fomentando assim a reciclagem e reutiliza\u00e7\u00e3o de materiais.<\/p>\n<p>Desta forma, a INCM refor\u00e7a o seu compromisso com pr\u00e1ticas sustent\u00e1veis e, ao mesmo tempo, sensibiliza a sociedade para a import\u00e2ncia da economia circular e da reciclagem, transformando um produto que j\u00e1 cumpriu o seu prop\u00f3sito em mat\u00e9ria-prima para futuras utiliza\u00e7\u00f5es.<\/p>\n<p>Numa primeira fase, o objetivo \u00e9 conhecer o n\u00famero de edi\u00e7\u00f5es obsoletas do DR que a popula\u00e7\u00e3o e as organiza\u00e7\u00f5es pretendem entregar.<\/p>\n<p>Preencha o <a href=\"https:\/\/forms.office.com\/pages\/responsepage.aspx?id=aZaI2LYoh0ig4s24cl0vbaBDGMk4ImFBoTzAEEWC4thUMVc2UjBGQ1NONTFLRUtBQzNBRTUwQzgySC4u&amp;route=shorturl\" target=\"_blank\" rel=\"noopener\">formul\u00e1rio<\/a> e fa\u00e7a parte desta miss\u00e3o.<\/p>\n","protected":false},"excerpt":{"rendered":"<p>A Imprensa Nacional-Casa da Moeda (INCM), alinhada com os seus compromissos de sustentabilidade e promo\u00e7\u00e3o da economia circular, lan\u00e7a a iniciativa &#8220;Recicla DR&#8221;. Esta a\u00e7\u00e3o visa a recolha de edi\u00e7\u00f5es antigas em papel do Di\u00e1rio da Rep\u00fablica (DR), que j\u00e1 n\u00e3o sejam utilizadas pelos seus detentores, fomentando assim a reciclagem e reutiliza\u00e7\u00e3o de materiais. Desta [&hellip;]<\/p>\n","protected":false},"author":16,"featured_media":25978,"comment_status":"open","ping_status":"open","sticky":false,"template":"","format":"standard","meta":{"_acf_changed":false,"_et_pb_use_builder":"","_et_pb_old_content":"","_et_gb_content_width":"","footnotes":""},"categories":[173],"tags":[],"class_list":["post-25977","post","type-post","status-publish","format-standard","has-post-thumbnail","hentry","category-sustentabilidade"],"acf":[],"_links":{"self":[{"href":"https:\/\/incm.pt\/site\/wp-json\/wp\/v2\/posts\/25977","targetHints":{"allow":["GET"]}}],"collection":[{"href":"https:\/\/incm.pt\/site\/wp-json\/wp\/v2\/posts"}],"about":[{"href":"https:\/\/incm.pt\/site\/wp-json\/wp\/v2\/types\/post"}],"author":[{"embeddable":true,"href":"https:\/\/incm.pt\/site\/wp-json\/wp\/v2\/users\/16"}],"replies":[{"embeddable":true,"href":"https:\/\/incm.pt\/site\/wp-json\/wp\/v2\/comments?post=25977"}],"version-history":[{"count":1,"href":"https:\/\/incm.pt\/site\/wp-json\/wp\/v2\/posts\/25977\/revisions"}],"predecessor-version":[{"id":25982,"href":"https:\/\/incm.pt\/site\/wp-json\/wp\/v2\/posts\/25977\/revisions\/25982"}],"wp:featuredmedia":[{"embeddable":true,"href":"https:\/\/incm.pt\/site\/wp-json\/wp\/v2\/media\/25978"}],"wp:attachment":[{"href":"https:\/\/incm.pt\/site\/wp-json\/wp\/v2\/media?parent=25977"}],"wp:term":[{"taxonomy":"category","embeddable":true,"href":"https:\/\/incm.pt\/site\/wp-json\/wp\/v2\/categories?post=25977"},{"taxonomy":"post_tag","embeddable":true,"href":"https:\/\/incm.pt\/site\/wp-json\/wp\/v2\/tags?post=25977"}],"curies":[{"name":"wp","href":"https:\/\/api.w.org\/{rel}","templated":true}]}}