{"id":25223,"date":"2024-11-05T13:25:53","date_gmt":"2024-11-05T13:25:53","guid":{"rendered":"https:\/\/incm.pt\/site\/?p=25223"},"modified":"2024-11-05T16:17:55","modified_gmt":"2024-11-05T16:17:55","slug":"premio-de-arte-incm-atribuido-na-feira-de-arte-contemporanea-drawing-room","status":"publish","type":"post","link":"https:\/\/incm.pt\/site\/premio-de-arte-incm-atribuido-na-feira-de-arte-contemporanea-drawing-room\/","title":{"rendered":"Pr\u00e9mio de Arte INCM atribu\u00eddo na feira de arte contempor\u00e2nea Drawing Room"},"content":{"rendered":"<p>O Pr\u00e9mio de Arte INCM, destinado a apoiar a cultura, a arte e os artistas portugueses, atrav\u00e9s da aquisi\u00e7\u00e3o de obras, foi atribu\u00eddo na Drawing Room Lisboa \u2013 Feira Internacional de Arte Contempor\u00e2nea, que se realizou, de 23 a 27 de outubro, na Sociedade Nacional de Belas Artes.<\/p>\n<p>Ap\u00f3s visita \u00e0 feira e an\u00e1lise das obras, o j\u00fari, composto por elementos da Imprensa Nacional-Casa da Moeda (INCM) e da Drawing Room, decidiu distinguir e adquirir trabalhos dos artistas Rodrigo Oliveira\u00a0(Balcony \u2013 Contemporary Art Gallery), Fernanda Fragateiro (Galeria Filomena Soares)\u00a0e\u00a0Samuel Rama\u00a0(Galeria 111), cujas obras passam a integrar a cole\u00e7\u00e3o de arte INCM, refor\u00e7ando assim o seu patrim\u00f3nio art\u00edstico.<\/p>\n<p>Criado em 2023, o Pr\u00e9mio de Arte INCM tem por objetivo apoiar artistas portugueses atrav\u00e9s da aquisi\u00e7\u00e3o das suas obras, contribuindo assim para a valoriza\u00e7\u00e3o da cultura e da arte nacional, a par dos ativos e do patrim\u00f3nio da institui\u00e7\u00e3o.<\/p>\n<p>Na sua edi\u00e7\u00e3o inaugural, o Pr\u00e9mio de Arte INCM premiou e adquiriu obras dos artistas Rui Neiva (No.No Gallery) e Mafalda Santos (Galeria Presen\u00e7a), que podem ser vistas na exposi\u00e7\u00e3o \u00abDivina Propor\u00e7\u00e3o\u00bb, patente, at\u00e9 dia 2 de dezembro, na Imprensa Nacional (Rua da Escola Polit\u00e9cnica 135, Lisboa).<\/p>\n","protected":false},"excerpt":{"rendered":"<p>O Pr\u00e9mio de Arte INCM, destinado a apoiar a cultura, a arte e os artistas portugueses, atrav\u00e9s da aquisi\u00e7\u00e3o de obras, foi atribu\u00eddo na Drawing Room Lisboa \u2013 Feira Internacional de Arte Contempor\u00e2nea, que se realizou, de 23 a 27 de outubro, na Sociedade Nacional de Belas Artes. Ap\u00f3s visita \u00e0 feira e an\u00e1lise das [&hellip;]<\/p>\n","protected":false},"author":16,"featured_media":25224,"comment_status":"open","ping_status":"open","sticky":false,"template":"","format":"standard","meta":{"_acf_changed":false,"_et_pb_use_builder":"","_et_pb_old_content":"","_et_gb_content_width":"","footnotes":""},"categories":[26],"tags":[],"class_list":["post-25223","post","type-post","status-publish","format-standard","has-post-thumbnail","hentry","category-cultura"],"acf":[],"_links":{"self":[{"href":"https:\/\/incm.pt\/site\/wp-json\/wp\/v2\/posts\/25223","targetHints":{"allow":["GET"]}}],"collection":[{"href":"https:\/\/incm.pt\/site\/wp-json\/wp\/v2\/posts"}],"about":[{"href":"https:\/\/incm.pt\/site\/wp-json\/wp\/v2\/types\/post"}],"author":[{"embeddable":true,"href":"https:\/\/incm.pt\/site\/wp-json\/wp\/v2\/users\/16"}],"replies":[{"embeddable":true,"href":"https:\/\/incm.pt\/site\/wp-json\/wp\/v2\/comments?post=25223"}],"version-history":[{"count":2,"href":"https:\/\/incm.pt\/site\/wp-json\/wp\/v2\/posts\/25223\/revisions"}],"predecessor-version":[{"id":25230,"href":"https:\/\/incm.pt\/site\/wp-json\/wp\/v2\/posts\/25223\/revisions\/25230"}],"wp:featuredmedia":[{"embeddable":true,"href":"https:\/\/incm.pt\/site\/wp-json\/wp\/v2\/media\/25224"}],"wp:attachment":[{"href":"https:\/\/incm.pt\/site\/wp-json\/wp\/v2\/media?parent=25223"}],"wp:term":[{"taxonomy":"category","embeddable":true,"href":"https:\/\/incm.pt\/site\/wp-json\/wp\/v2\/categories?post=25223"},{"taxonomy":"post_tag","embeddable":true,"href":"https:\/\/incm.pt\/site\/wp-json\/wp\/v2\/tags?post=25223"}],"curies":[{"name":"wp","href":"https:\/\/api.w.org\/{rel}","templated":true}]}}