{"id":25099,"date":"2024-10-29T09:41:03","date_gmt":"2024-10-29T09:41:03","guid":{"rendered":"https:\/\/incm.pt\/site\/?p=25099"},"modified":"2024-10-29T09:41:03","modified_gmt":"2024-10-29T09:41:03","slug":"a-luz-e-o-tunel-ciclo-de-conferencias-com-carlos-vargas","status":"publish","type":"post","link":"https:\/\/incm.pt\/site\/a-luz-e-o-tunel-ciclo-de-conferencias-com-carlos-vargas\/","title":{"rendered":"\u00abA Luz e o T\u00fanel\u00bb, ciclo de confer\u00eancias com Carlos Vargas"},"content":{"rendered":"<p>De 6 de novembro a 4 de dezembro, sempre \u00e0s quartas-feiras, entre as 18h00 e as 20h00, a Biblioteca da Imprensa Nacional ir\u00e1 acolher o ciclo de confer\u00eancias \u00abA Luz e o T\u00fanel. Perspetivas (pouco ou nada recentes) do Pensamento Ocidental\u00bb, conduzido pelo Professor Carlos Vargas.<\/p>\n<p>Estas confer\u00eancias ser\u00e3o dedicadas \u00e0 reflex\u00e3o sobre cinco dimens\u00f5es do pensamento e da cultura ocidentais: o pessimismo, a nostalgia, a melancolia, o p\u00f3s-humanismo e o otimismo.<\/p>\n<p>A participa\u00e7\u00e3o \u00e9 gratuita, mas sujeita a inscri\u00e7\u00e3o pr\u00e9via atrav\u00e9s do contacto <a href=\"mailto:inscricoes.luztunel@incm.pt\">inscricoes.luztunel@incm.pt<\/a><\/p>\n<p>Consulte aqui o <a href=\"https:\/\/imprensanacional.pt\/wp-content\/uploads\/2024\/09\/Programa_LuzTunel_IN_nov_dez2024.pdf\" target=\"_blank\" rel=\"noopener\">programa<\/a>.<\/p>\n","protected":false},"excerpt":{"rendered":"<p>De 6 de novembro a 4 de dezembro, sempre \u00e0s quartas-feiras, entre as 18h00 e as 20h00, a Biblioteca da Imprensa Nacional ir\u00e1 acolher o ciclo de confer\u00eancias \u00abA Luz e o T\u00fanel. Perspetivas (pouco ou nada recentes) do Pensamento Ocidental\u00bb, conduzido pelo Professor Carlos Vargas. Estas confer\u00eancias ser\u00e3o dedicadas \u00e0 reflex\u00e3o sobre cinco dimens\u00f5es [&hellip;]<\/p>\n","protected":false},"author":16,"featured_media":25100,"comment_status":"open","ping_status":"open","sticky":false,"template":"","format":"standard","meta":{"_acf_changed":false,"_et_pb_use_builder":"","_et_pb_old_content":"","_et_gb_content_width":"","footnotes":""},"categories":[26],"tags":[],"class_list":["post-25099","post","type-post","status-publish","format-standard","has-post-thumbnail","hentry","category-cultura"],"acf":[],"_links":{"self":[{"href":"https:\/\/incm.pt\/site\/wp-json\/wp\/v2\/posts\/25099","targetHints":{"allow":["GET"]}}],"collection":[{"href":"https:\/\/incm.pt\/site\/wp-json\/wp\/v2\/posts"}],"about":[{"href":"https:\/\/incm.pt\/site\/wp-json\/wp\/v2\/types\/post"}],"author":[{"embeddable":true,"href":"https:\/\/incm.pt\/site\/wp-json\/wp\/v2\/users\/16"}],"replies":[{"embeddable":true,"href":"https:\/\/incm.pt\/site\/wp-json\/wp\/v2\/comments?post=25099"}],"version-history":[{"count":1,"href":"https:\/\/incm.pt\/site\/wp-json\/wp\/v2\/posts\/25099\/revisions"}],"predecessor-version":[{"id":25104,"href":"https:\/\/incm.pt\/site\/wp-json\/wp\/v2\/posts\/25099\/revisions\/25104"}],"wp:featuredmedia":[{"embeddable":true,"href":"https:\/\/incm.pt\/site\/wp-json\/wp\/v2\/media\/25100"}],"wp:attachment":[{"href":"https:\/\/incm.pt\/site\/wp-json\/wp\/v2\/media?parent=25099"}],"wp:term":[{"taxonomy":"category","embeddable":true,"href":"https:\/\/incm.pt\/site\/wp-json\/wp\/v2\/categories?post=25099"},{"taxonomy":"post_tag","embeddable":true,"href":"https:\/\/incm.pt\/site\/wp-json\/wp\/v2\/tags?post=25099"}],"curies":[{"name":"wp","href":"https:\/\/api.w.org\/{rel}","templated":true}]}}