{"id":24804,"date":"2024-10-11T13:31:16","date_gmt":"2024-10-11T13:31:16","guid":{"rendered":"https:\/\/incm.pt\/site\/?p=24804"},"modified":"2024-10-11T13:31:16","modified_gmt":"2024-10-11T13:31:16","slug":"acordo-para-a-emissao-de-passaportes-documentos-de-viagem-e-vistos-para-a-colombia","status":"publish","type":"post","link":"https:\/\/incm.pt\/site\/acordo-para-a-emissao-de-passaportes-documentos-de-viagem-e-vistos-para-a-colombia\/","title":{"rendered":"Acordo para a emiss\u00e3o de passaportes, documentos de viagem e vistos para a Col\u00f4mbia"},"content":{"rendered":"<p>O Ministro dos Neg\u00f3cios Estrangeiros da Col\u00f4mbia, Luis Gilberto Murillo, e a embaixadora de Portugal na Col\u00f4mbia, Catarina de Mendoza, assinaram um memorando de entendimento para a emiss\u00e3o de passaportes, documentos de viagem e vistos para este pa\u00eds sul-americano, por um per\u00edodo de 10 anos, a partir de 1 de setembro de 2025.<\/p>\n<p>&#8220;O acordo \u00e9 firmando considerando a capacidade, conhecimento e experi\u00eancia demonstrada pela Imprensa Nacional-Casa da Moeda, S.A., de Portugal, nesta mat\u00e9ria, bem como o seu reconhecimento internacional, testes realizados e acredita\u00e7\u00e3o oficial por organismos internacionais&#8221;, real\u00e7ou a diplomacia colombiana, em comunicado.<\/p>\n<p>A INCM, representada pela sua presidente, Dora Moita, e pelo administrador executivo Nuno Guerra Santos, esteve presente no momento da assinatura deste acordo, que inclui tamb\u00e9m a transfer\u00eancia de conhecimentos e boas pr\u00e1ticas, assim como forma\u00e7\u00e3o, para a ag\u00eancia governamental Migration Colombia.<\/p>\n<p>Este reconhecimento das capacidades e compet\u00eancias da INCM \u00e9 fruto da aposta na internacionaliza\u00e7\u00e3o e do trabalho que tem vindo a ser desenvolvido, ao n\u00edvel da qualidade e do cumprimento dos mais exigentes padr\u00f5es internacionais, como forma de garantir o crescimento sustent\u00e1vel da empresa.<\/p>\n","protected":false},"excerpt":{"rendered":"<p>O Ministro dos Neg\u00f3cios Estrangeiros da Col\u00f4mbia, Luis Gilberto Murillo, e a embaixadora de Portugal na Col\u00f4mbia, Catarina de Mendoza, assinaram um memorando de entendimento para a emiss\u00e3o de passaportes, documentos de viagem e vistos para este pa\u00eds sul-americano, por um per\u00edodo de 10 anos, a partir de 1 de setembro de 2025. &#8220;O acordo [&hellip;]<\/p>\n","protected":false},"author":16,"featured_media":24805,"comment_status":"open","ping_status":"open","sticky":false,"template":"","format":"standard","meta":{"_acf_changed":false,"_et_pb_use_builder":"","_et_pb_old_content":"","_et_gb_content_width":"","footnotes":""},"categories":[216],"tags":[],"class_list":["post-24804","post","type-post","status-publish","format-standard","has-post-thumbnail","hentry","category-identificacao"],"acf":[],"_links":{"self":[{"href":"https:\/\/incm.pt\/site\/wp-json\/wp\/v2\/posts\/24804","targetHints":{"allow":["GET"]}}],"collection":[{"href":"https:\/\/incm.pt\/site\/wp-json\/wp\/v2\/posts"}],"about":[{"href":"https:\/\/incm.pt\/site\/wp-json\/wp\/v2\/types\/post"}],"author":[{"embeddable":true,"href":"https:\/\/incm.pt\/site\/wp-json\/wp\/v2\/users\/16"}],"replies":[{"embeddable":true,"href":"https:\/\/incm.pt\/site\/wp-json\/wp\/v2\/comments?post=24804"}],"version-history":[{"count":1,"href":"https:\/\/incm.pt\/site\/wp-json\/wp\/v2\/posts\/24804\/revisions"}],"predecessor-version":[{"id":24809,"href":"https:\/\/incm.pt\/site\/wp-json\/wp\/v2\/posts\/24804\/revisions\/24809"}],"wp:featuredmedia":[{"embeddable":true,"href":"https:\/\/incm.pt\/site\/wp-json\/wp\/v2\/media\/24805"}],"wp:attachment":[{"href":"https:\/\/incm.pt\/site\/wp-json\/wp\/v2\/media?parent=24804"}],"wp:term":[{"taxonomy":"category","embeddable":true,"href":"https:\/\/incm.pt\/site\/wp-json\/wp\/v2\/categories?post=24804"},{"taxonomy":"post_tag","embeddable":true,"href":"https:\/\/incm.pt\/site\/wp-json\/wp\/v2\/tags?post=24804"}],"curies":[{"name":"wp","href":"https:\/\/api.w.org\/{rel}","templated":true}]}}