{"id":24665,"date":"2024-10-01T10:12:18","date_gmt":"2024-10-01T10:12:18","guid":{"rendered":"https:\/\/incm.pt\/site\/?p=24665"},"modified":"2024-10-01T10:14:12","modified_gmt":"2024-10-01T10:14:12","slug":"selos-de-maturidade-digital-distinguidos-nos-premios-eepa-european-enterprise-promotion-awards-2024","status":"publish","type":"post","link":"https:\/\/incm.pt\/site\/selos-de-maturidade-digital-distinguidos-nos-premios-eepa-european-enterprise-promotion-awards-2024\/","title":{"rendered":"Selos de Maturidade Digital distinguidos nos Pr\u00e9mios EEPA &#8211; European Enterprise Promotion Awards 2024"},"content":{"rendered":"<p>Os Selos de Maturidade Digital foram distinguidos, a n\u00edvel nacional, nos Pr\u00e9mios EEPA &#8211; European Enterprise Promotion Awards 2024, uma iniciativa da Comiss\u00e3o Europeia que distingue os melhores projetos de promo\u00e7\u00e3o empresarial nos 27 Estados-Membros da Uni\u00e3o Europeia, bem como nos pa\u00edses associados do pilar PME do Programa do Mercado \u00danico.<\/p>\n<p>Os <a href=\"https:\/\/selosmaturidadedigital.incm.pt\/SMD\/\">Selos de Maturidade Digital<\/a> (SMD), que conquistaram o 1.\u00ba lugar na Categoria 3 &#8211; Apoio \u00e0 transi\u00e7\u00e3o digital, ficaram ainda entre os dois projetos selecionados para representar Portugal na grande final europeia, que ter\u00e1 lugar em Budapeste, no final de novembro.<\/p>\n<p>Fruto da parceria entre o Instituto Portugu\u00eas de Acredita\u00e7\u00e3o, o Instituto Portugu\u00eas da Qualidade, a Imprensa Nacional-Casa da Moeda e as entidades certificadoras, com o acompanhamento da Estrutura de Miss\u00e3o Portugal Digital, os SMD concretizam uma das medidas do Plano de A\u00e7\u00e3o para a Transi\u00e7\u00e3o Digital para promover a transforma\u00e7\u00e3o digital da economia.<\/p>\n<p>Atrav\u00e9s dos SMD, as empresas, que cumpram um conjunto de normativas e orienta\u00e7\u00f5es alinhadas com as melhores pr\u00e1ticas e com os requisitos europeus, podem ser certificadas, de acordo com o seu n\u00edvel de maturidade, em 4 dimens\u00f5es: Sustentabilidade, Ciberseguran\u00e7a, Privacidade e Prote\u00e7\u00e3o de Dados e Acessibilidade<\/p>\n","protected":false},"excerpt":{"rendered":"<p>Os Selos de Maturidade Digital foram distinguidos, a n\u00edvel nacional, nos Pr\u00e9mios EEPA &#8211; European Enterprise Promotion Awards 2024, uma iniciativa da Comiss\u00e3o Europeia que distingue os melhores projetos de promo\u00e7\u00e3o empresarial nos 27 Estados-Membros da Uni\u00e3o Europeia, bem como nos pa\u00edses associados do pilar PME do Programa do Mercado \u00danico. Os Selos de Maturidade [&hellip;]<\/p>\n","protected":false},"author":16,"featured_media":24666,"comment_status":"open","ping_status":"open","sticky":false,"template":"","format":"standard","meta":{"_acf_changed":false,"_et_pb_use_builder":"","_et_pb_old_content":"","_et_gb_content_width":"","footnotes":""},"categories":[19],"tags":[],"class_list":["post-24665","post","type-post","status-publish","format-standard","has-post-thumbnail","hentry","category-institucional"],"acf":[],"_links":{"self":[{"href":"https:\/\/incm.pt\/site\/wp-json\/wp\/v2\/posts\/24665","targetHints":{"allow":["GET"]}}],"collection":[{"href":"https:\/\/incm.pt\/site\/wp-json\/wp\/v2\/posts"}],"about":[{"href":"https:\/\/incm.pt\/site\/wp-json\/wp\/v2\/types\/post"}],"author":[{"embeddable":true,"href":"https:\/\/incm.pt\/site\/wp-json\/wp\/v2\/users\/16"}],"replies":[{"embeddable":true,"href":"https:\/\/incm.pt\/site\/wp-json\/wp\/v2\/comments?post=24665"}],"version-history":[{"count":2,"href":"https:\/\/incm.pt\/site\/wp-json\/wp\/v2\/posts\/24665\/revisions"}],"predecessor-version":[{"id":24671,"href":"https:\/\/incm.pt\/site\/wp-json\/wp\/v2\/posts\/24665\/revisions\/24671"}],"wp:featuredmedia":[{"embeddable":true,"href":"https:\/\/incm.pt\/site\/wp-json\/wp\/v2\/media\/24666"}],"wp:attachment":[{"href":"https:\/\/incm.pt\/site\/wp-json\/wp\/v2\/media?parent=24665"}],"wp:term":[{"taxonomy":"category","embeddable":true,"href":"https:\/\/incm.pt\/site\/wp-json\/wp\/v2\/categories?post=24665"},{"taxonomy":"post_tag","embeddable":true,"href":"https:\/\/incm.pt\/site\/wp-json\/wp\/v2\/tags?post=24665"}],"curies":[{"name":"wp","href":"https:\/\/api.w.org\/{rel}","templated":true}]}}