{"id":24558,"date":"2024-09-20T08:34:43","date_gmt":"2024-09-20T08:34:43","guid":{"rendered":"https:\/\/incm.pt\/site\/?p=24558"},"modified":"2024-09-20T08:39:07","modified_gmt":"2024-09-20T08:39:07","slug":"incm-promove-semana-da-sustentabilidade","status":"publish","type":"post","link":"https:\/\/incm.pt\/site\/incm-promove-semana-da-sustentabilidade\/","title":{"rendered":"INCM promove Semana da Sustentabilidade"},"content":{"rendered":"<p>De 23 a 26 de setembro, realiza-se a 1.\u00aa Semana da Sustentabilidade, uma iniciativa da Imprensa Nacional-Casa da Moeda (INCM), que ter\u00e1 lugar no \u00e1trio das oficinas da Casa da Moeda e que contar\u00e1 com diversas atividades nas \u00e1reas de Ambiente, Responsabilidade Social e Governan\u00e7a.<\/p>\n<p>Est\u00e3o previstas apresenta\u00e7\u00f5es, demonstra\u00e7\u00f5es, exposi\u00e7\u00f5es e <em>workshops<\/em>, com a participa\u00e7\u00e3o de diversos especialistas, que, ao longo dessa semana, contribuir\u00e3o para a promo\u00e7\u00e3o do conhecimento e consolida\u00e7\u00e3o de uma cultura de Sustentabilidade.<\/p>\n<p>Entre as atividades programadas, destaque para a mesa-redonda \u00abResponsabilidade Social no Setor P\u00fablico\u00bb. Participam nesta conversa, \u00a0moderada por Patr\u00edcia Martinho, Coordenadora da Estrat\u00e9gia ESG da INCM, Nuno Guerra Santos, Administrador da INCM, Isabel Jonet, Diretora da ENTRAJUDA\/Cart\u00e3o do Volunt\u00e1rio, Helga Antunes, Dire\u00e7\u00e3o de Comunica\u00e7\u00e3o e Imagem e Coordenadora do Grupo de Trabalho para a Responsabilidade Social da Infraestruturas de Portugal, Ana Garcia, Respons\u00e1vel de Voluntariado e Responsabilidade Social do Banco de Portugal, In\u00eas Nogueira e Silva, Dire\u00e7\u00e3o de Sustentabilidade da \u00c1guas de Portugal, e B\u00e1rbara Vasconcelos, Respons\u00e1vel pela \u00e1rea de Responsabilidade Social da INCM.<\/p>\n<p>A 1.\u00aa Semana da Sustentabilidade da INCM \u00e9 aberta ao p\u00fablico. Consulte aqui o <a href=\"https:\/\/incm.pt\/site\/wp-content\/uploads\/2024\/09\/Programa-1a-SEMANA-SUSTENTABILIDADE.pdf\">programa<\/a>.<\/p>\n","protected":false},"excerpt":{"rendered":"<p>De 23 a 26 de setembro, realiza-se a 1.\u00aa Semana da Sustentabilidade, uma iniciativa da Imprensa Nacional-Casa da Moeda (INCM), que ter\u00e1 lugar no \u00e1trio das oficinas da Casa da Moeda e que contar\u00e1 com diversas atividades nas \u00e1reas de Ambiente, Responsabilidade Social e Governan\u00e7a. Est\u00e3o previstas apresenta\u00e7\u00f5es, demonstra\u00e7\u00f5es, exposi\u00e7\u00f5es e workshops, com a participa\u00e7\u00e3o [&hellip;]<\/p>\n","protected":false},"author":16,"featured_media":24568,"comment_status":"open","ping_status":"open","sticky":false,"template":"","format":"standard","meta":{"_acf_changed":false,"_et_pb_use_builder":"","_et_pb_old_content":"","_et_gb_content_width":"","footnotes":""},"categories":[173],"tags":[],"class_list":["post-24558","post","type-post","status-publish","format-standard","has-post-thumbnail","hentry","category-sustentabilidade"],"acf":[],"_links":{"self":[{"href":"https:\/\/incm.pt\/site\/wp-json\/wp\/v2\/posts\/24558","targetHints":{"allow":["GET"]}}],"collection":[{"href":"https:\/\/incm.pt\/site\/wp-json\/wp\/v2\/posts"}],"about":[{"href":"https:\/\/incm.pt\/site\/wp-json\/wp\/v2\/types\/post"}],"author":[{"embeddable":true,"href":"https:\/\/incm.pt\/site\/wp-json\/wp\/v2\/users\/16"}],"replies":[{"embeddable":true,"href":"https:\/\/incm.pt\/site\/wp-json\/wp\/v2\/comments?post=24558"}],"version-history":[{"count":1,"href":"https:\/\/incm.pt\/site\/wp-json\/wp\/v2\/posts\/24558\/revisions"}],"predecessor-version":[{"id":24559,"href":"https:\/\/incm.pt\/site\/wp-json\/wp\/v2\/posts\/24558\/revisions\/24559"}],"wp:featuredmedia":[{"embeddable":true,"href":"https:\/\/incm.pt\/site\/wp-json\/wp\/v2\/media\/24568"}],"wp:attachment":[{"href":"https:\/\/incm.pt\/site\/wp-json\/wp\/v2\/media?parent=24558"}],"wp:term":[{"taxonomy":"category","embeddable":true,"href":"https:\/\/incm.pt\/site\/wp-json\/wp\/v2\/categories?post=24558"},{"taxonomy":"post_tag","embeddable":true,"href":"https:\/\/incm.pt\/site\/wp-json\/wp\/v2\/tags?post=24558"}],"curies":[{"name":"wp","href":"https:\/\/api.w.org\/{rel}","templated":true}]}}