{"id":24512,"date":"2024-09-17T17:05:39","date_gmt":"2024-09-17T17:05:39","guid":{"rendered":"https:\/\/incm.pt\/site\/?p=24512"},"modified":"2024-09-17T17:05:39","modified_gmt":"2024-09-17T17:05:39","slug":"no-dia-da-lingua-mirandesa-a-imprensa-nacional-apresenta-o-audiolivro-mensaige-de-fernando-pessoa","status":"publish","type":"post","link":"https:\/\/incm.pt\/site\/no-dia-da-lingua-mirandesa-a-imprensa-nacional-apresenta-o-audiolivro-mensaige-de-fernando-pessoa\/","title":{"rendered":"No Dia da L\u00edngua Mirandesa, a Imprensa Nacional apresenta o audiolivro \u00abMensaige\u00bb, de Fernando Pessoa"},"content":{"rendered":"<p>Assinala-se hoje, 17 de setembro, o Dia da L\u00edngua Mirandesa, 26 anos depois da data em que a Assembleia da Rep\u00fablica reconheceu o mirand\u00eas como a segunda l\u00edngua oficial de Portugal.<\/p>\n<p>No \u00e2mbito das comemora\u00e7\u00f5es deste dia e num evento promovido pela C\u00e2mara Municipal de Miranda do Douro e pela Associa\u00e7\u00e3o da L\u00edngua e Cultura Mirandesa, Cl\u00e1udio Garrudo, diretor de Edi\u00e7\u00e3o e Cultura da Imprensa Nacional &#8211; Casa da Moeda, apresentou hoje, em Miranda do Douro, o audiolivro <i>Mensaige<\/i> (<i>Mensagem<\/i>), de Fernando Pessoa.<\/p>\n<p>Este \u00e9 um audiolivro gravado em mirand\u00eas e que j\u00e1 est\u00e1 dispon\u00edvel, de forma totalmente gratuita, no site da editora p\u00fablica, em imprensanacional.pt. Conta com tradu\u00e7\u00e3o de Francisco Negro e leitura de Alcides Meirinhos e Susana Ruano. Pode ser escutado<strong>\u00a0<\/strong><a id=\"menurbvl\" class=\"fui-Link ___1q1shib f2hkw1w f3rmtva f1ewtqcl fyind8e f1k6fduh f1w7gpdv fk6fouc fjoy568 figsok6 f1s184ao f1mk8lai fnbmjn9 f1o700av f13mvf36 f1cmlufx f9n3di6 f1ids18y f1tx3yz7 f1deo86v f1eh06m1 f1iescvh fhgqx19 f1olyrje f1p93eir f1nev41a f1h8hb77 f1lqvz6u f10aw75t fsle3fq f17ae5zn\" title=\"https:\/\/imprensanacional.pt\/wp-content\/uploads\/2024\/09\/mensaige_final1.mp3\" href=\"https:\/\/imprensanacional.pt\/wp-content\/uploads\/2024\/09\/Mensaige_Final1.mp3\" target=\"_blank\" rel=\"noreferrer noopener\" aria-label=\"Liga\u00e7\u00e3o Aqui\"><strong>Aqui<\/strong><\/a><\/p>\n<p>Esta \u00e9 mais uma forma de a INCM, cumprindo o seu des\u00edgnio de servi\u00e7o p\u00fablico, promover e preservar o patrim\u00f3nio lingu\u00edstico de Portugal.<\/p>\n","protected":false},"excerpt":{"rendered":"<p>Assinala-se hoje, 17 de setembro, o Dia da L\u00edngua Mirandesa, 26 anos depois da data em que a Assembleia da Rep\u00fablica reconheceu o mirand\u00eas como a segunda l\u00edngua oficial de Portugal. No \u00e2mbito das comemora\u00e7\u00f5es deste dia e num evento promovido pela C\u00e2mara Municipal de Miranda do Douro e pela Associa\u00e7\u00e3o da L\u00edngua e Cultura [&hellip;]<\/p>\n","protected":false},"author":19,"featured_media":24513,"comment_status":"open","ping_status":"open","sticky":false,"template":"","format":"standard","meta":{"_acf_changed":false,"_et_pb_use_builder":"","_et_pb_old_content":"","_et_gb_content_width":"","footnotes":""},"categories":[26],"tags":[],"class_list":["post-24512","post","type-post","status-publish","format-standard","has-post-thumbnail","hentry","category-cultura"],"acf":[],"_links":{"self":[{"href":"https:\/\/incm.pt\/site\/wp-json\/wp\/v2\/posts\/24512","targetHints":{"allow":["GET"]}}],"collection":[{"href":"https:\/\/incm.pt\/site\/wp-json\/wp\/v2\/posts"}],"about":[{"href":"https:\/\/incm.pt\/site\/wp-json\/wp\/v2\/types\/post"}],"author":[{"embeddable":true,"href":"https:\/\/incm.pt\/site\/wp-json\/wp\/v2\/users\/19"}],"replies":[{"embeddable":true,"href":"https:\/\/incm.pt\/site\/wp-json\/wp\/v2\/comments?post=24512"}],"version-history":[{"count":1,"href":"https:\/\/incm.pt\/site\/wp-json\/wp\/v2\/posts\/24512\/revisions"}],"predecessor-version":[{"id":24517,"href":"https:\/\/incm.pt\/site\/wp-json\/wp\/v2\/posts\/24512\/revisions\/24517"}],"wp:featuredmedia":[{"embeddable":true,"href":"https:\/\/incm.pt\/site\/wp-json\/wp\/v2\/media\/24513"}],"wp:attachment":[{"href":"https:\/\/incm.pt\/site\/wp-json\/wp\/v2\/media?parent=24512"}],"wp:term":[{"taxonomy":"category","embeddable":true,"href":"https:\/\/incm.pt\/site\/wp-json\/wp\/v2\/categories?post=24512"},{"taxonomy":"post_tag","embeddable":true,"href":"https:\/\/incm.pt\/site\/wp-json\/wp\/v2\/tags?post=24512"}],"curies":[{"name":"wp","href":"https:\/\/api.w.org\/{rel}","templated":true}]}}