{"id":24458,"date":"2024-09-12T14:43:36","date_gmt":"2024-09-12T14:43:36","guid":{"rendered":"https:\/\/incm.pt\/site\/?p=24458"},"modified":"2024-09-12T14:45:45","modified_gmt":"2024-09-12T14:45:45","slug":"contrastaria-na-convencao-sobre-o-controlo-e-marcacao-de-metais-preciosos","status":"publish","type":"post","link":"https:\/\/incm.pt\/site\/contrastaria-na-convencao-sobre-o-controlo-e-marcacao-de-metais-preciosos\/","title":{"rendered":"Contrastaria na Conven\u00e7\u00e3o sobre o Controlo e Marca\u00e7\u00e3o de Metais Preciosos"},"content":{"rendered":"<p>A Contrastaria da INCM participou na 92.\u00aa reuni\u00e3o da Conven\u00e7\u00e3o sobre o Controlo e Marca\u00e7\u00e3o de Metais Preciosos, que teve lugar em Vicenza, It\u00e1lia, no dia 5 de setembro. Esta foi a primeira reuni\u00e3o organizada em It\u00e1lia desde a sua ades\u00e3o \u00e0 Conven\u00e7\u00e3o, a 15 de dezembro de 2023.<\/p>\n<p>Um dia antes, o Grupo de Trabalho sobre a Uni\u00e3o Europeia esteve reunido e aprovou a cria\u00e7\u00e3o de uma p\u00e1gina espec\u00edfica, no <a href=\"https:\/\/hallmarkingconvention.org\/\" target=\"_blank\" rel=\"noopener\"><em>site<\/em> da Conven\u00e7\u00e3o<\/a>, com a compila\u00e7\u00e3o da legisla\u00e7\u00e3o relativa ao controlo dos metais preciosos em todos os Estados-Membros da Uni\u00e3o Europeia.<\/p>\n<p>Foi ainda apresentado um relat\u00f3rio sobre a 36.\u00aa reuni\u00e3o do Grupo T\u00e9cnico, realizada no Porto, a 17 de junho, que se centrou principalmente em quest\u00f5es relacionadas com o sistema interlaboratorial de ensaios.<\/p>\n<p>Os participantes tiveram ainda oportunidade de visitar o Laborat\u00f3rio de Ensaio de Vicenza e a Feira Internacional de Joalharia de Vicenza (Vicenzaoro).<\/p>\n","protected":false},"excerpt":{"rendered":"<p>A Contrastaria da INCM participou na 92.\u00aa reuni\u00e3o da Conven\u00e7\u00e3o sobre o Controlo e Marca\u00e7\u00e3o de Metais Preciosos, que teve lugar em Vicenza, It\u00e1lia, no dia 5 de setembro. Esta foi a primeira reuni\u00e3o organizada em It\u00e1lia desde a sua ades\u00e3o \u00e0 Conven\u00e7\u00e3o, a 15 de dezembro de 2023. Um dia antes, o Grupo de [&hellip;]<\/p>\n","protected":false},"author":16,"featured_media":24459,"comment_status":"open","ping_status":"open","sticky":false,"template":"","format":"standard","meta":{"_acf_changed":false,"_et_pb_use_builder":"","_et_pb_old_content":"","_et_gb_content_width":"","footnotes":""},"categories":[27],"tags":[],"class_list":["post-24458","post","type-post","status-publish","format-standard","has-post-thumbnail","hentry","category-contrastaria"],"acf":[],"_links":{"self":[{"href":"https:\/\/incm.pt\/site\/wp-json\/wp\/v2\/posts\/24458","targetHints":{"allow":["GET"]}}],"collection":[{"href":"https:\/\/incm.pt\/site\/wp-json\/wp\/v2\/posts"}],"about":[{"href":"https:\/\/incm.pt\/site\/wp-json\/wp\/v2\/types\/post"}],"author":[{"embeddable":true,"href":"https:\/\/incm.pt\/site\/wp-json\/wp\/v2\/users\/16"}],"replies":[{"embeddable":true,"href":"https:\/\/incm.pt\/site\/wp-json\/wp\/v2\/comments?post=24458"}],"version-history":[{"count":2,"href":"https:\/\/incm.pt\/site\/wp-json\/wp\/v2\/posts\/24458\/revisions"}],"predecessor-version":[{"id":24464,"href":"https:\/\/incm.pt\/site\/wp-json\/wp\/v2\/posts\/24458\/revisions\/24464"}],"wp:featuredmedia":[{"embeddable":true,"href":"https:\/\/incm.pt\/site\/wp-json\/wp\/v2\/media\/24459"}],"wp:attachment":[{"href":"https:\/\/incm.pt\/site\/wp-json\/wp\/v2\/media?parent=24458"}],"wp:term":[{"taxonomy":"category","embeddable":true,"href":"https:\/\/incm.pt\/site\/wp-json\/wp\/v2\/categories?post=24458"},{"taxonomy":"post_tag","embeddable":true,"href":"https:\/\/incm.pt\/site\/wp-json\/wp\/v2\/tags?post=24458"}],"curies":[{"name":"wp","href":"https:\/\/api.w.org\/{rel}","templated":true}]}}