{"id":24440,"date":"2024-09-11T14:32:39","date_gmt":"2024-09-11T14:32:39","guid":{"rendered":"https:\/\/incm.pt\/site\/?p=24440"},"modified":"2024-09-18T15:34:57","modified_gmt":"2024-09-18T15:34:57","slug":"exposicao-de-graca-morais-inaugurada-na-imprensa-nacional","status":"publish","type":"post","link":"https:\/\/incm.pt\/site\/exposicao-de-graca-morais-inaugurada-na-imprensa-nacional\/","title":{"rendered":"Exposi\u00e7\u00e3o de Gra\u00e7a Morais inaugurada na Imprensa Nacional"},"content":{"rendered":"<p>Uma sele\u00e7\u00e3o de desenhos da s\u00e9rie \u00abMetamorfoses da Humanidade\u00bb, da artista Gra\u00e7a Morais, pode ser vista, desde o dia 10 de setembro, no edif\u00edcio da Imprensa Nacional, a prop\u00f3sito do lan\u00e7amento do mais recente livro de Manuel Heitor, publicado pela Imprensa Nacional: <em>Que Pir\u00e2mide Humana? O Conhecimento e as Op\u00e7\u00f5es de Pol\u00edtica P\u00fablica em Portugal: 2000-2030.<\/em><\/p>\n<p>Esta sele\u00e7\u00e3o, composta por mais de uma dezena de desenhos e pinturas sobre papel, originalmente apresentados no Centro de Arte Contempor\u00e2nea Gra\u00e7a Morais, em Bragan\u00e7a, seguindo-se o Museu Nacional de Arte Contempor\u00e2nea do Chiado, em Lisboa, e o Museu Nacional Soares dos Reis, no Porto, \u00e9 reproduzida no livro de Manuel Heitor, publicado pela editora p\u00fablica e apresentado tamb\u00e9m no dia 10 na Biblioteca da Imprensa Nacional, numa sess\u00e3o que contou com a presen\u00e7a de Cl\u00e1udio Garrudo, diretor de Edi\u00e7\u00e3o e Cultura da INCM, de Gra\u00e7a de Morais, de Rosalia Vargas, de Liliana Ferreira e do autor.<\/p>\n<p>A inclus\u00e3o do conjunto de desenhos da artista Gra\u00e7a Morais nesta obra de Manuel Heitor explica-se na medida em que estes \u00abinterrogam a condi\u00e7\u00e3o humana e, em particular, os termos da evolu\u00e7\u00e3o da pir\u00e2mide humana em Portugal, incluindo a abertura e a toler\u00e2ncia para crescentes movimentos migrat\u00f3rios\u00bb. Para o autor, a publica\u00e7\u00e3o destes desenhos no seu livro constituem \u00abum prel\u00fadio de reflex\u00e3o em torno das quest\u00f5es e inquieta\u00e7\u00f5es que impulsionaram a sua cria\u00e7\u00e3o\u00bb.<\/p>\n<p>\u00abMetamorfoses da Humanidade\u00bb estar\u00e1 patente no edif\u00edcio da Imprensa Nacional, na Rua da Escola Polit\u00e9cnica, n.\u00ba 135, em Lisboa, at\u00e9 ao dia 3 de outubro, entre as 10h e as 18h.<\/p>\n<p>A entrada \u00e9 gratuita.<\/p>\n","protected":false},"excerpt":{"rendered":"<p>Uma sele\u00e7\u00e3o de desenhos da s\u00e9rie \u00abMetamorfoses da Humanidade\u00bb, da artista Gra\u00e7a Morais, pode ser vista, desde o dia 10 de setembro, no edif\u00edcio da Imprensa Nacional, a prop\u00f3sito do lan\u00e7amento do mais recente livro de Manuel Heitor, publicado pela Imprensa Nacional: Que Pir\u00e2mide Humana? O Conhecimento e as Op\u00e7\u00f5es de Pol\u00edtica P\u00fablica em Portugal: [&hellip;]<\/p>\n","protected":false},"author":16,"featured_media":24441,"comment_status":"open","ping_status":"open","sticky":false,"template":"","format":"standard","meta":{"_acf_changed":false,"_et_pb_use_builder":"","_et_pb_old_content":"","_et_gb_content_width":"","footnotes":""},"categories":[26],"tags":[],"class_list":["post-24440","post","type-post","status-publish","format-standard","has-post-thumbnail","hentry","category-cultura"],"acf":[],"_links":{"self":[{"href":"https:\/\/incm.pt\/site\/wp-json\/wp\/v2\/posts\/24440","targetHints":{"allow":["GET"]}}],"collection":[{"href":"https:\/\/incm.pt\/site\/wp-json\/wp\/v2\/posts"}],"about":[{"href":"https:\/\/incm.pt\/site\/wp-json\/wp\/v2\/types\/post"}],"author":[{"embeddable":true,"href":"https:\/\/incm.pt\/site\/wp-json\/wp\/v2\/users\/16"}],"replies":[{"embeddable":true,"href":"https:\/\/incm.pt\/site\/wp-json\/wp\/v2\/comments?post=24440"}],"version-history":[{"count":7,"href":"https:\/\/incm.pt\/site\/wp-json\/wp\/v2\/posts\/24440\/revisions"}],"predecessor-version":[{"id":24528,"href":"https:\/\/incm.pt\/site\/wp-json\/wp\/v2\/posts\/24440\/revisions\/24528"}],"wp:featuredmedia":[{"embeddable":true,"href":"https:\/\/incm.pt\/site\/wp-json\/wp\/v2\/media\/24441"}],"wp:attachment":[{"href":"https:\/\/incm.pt\/site\/wp-json\/wp\/v2\/media?parent=24440"}],"wp:term":[{"taxonomy":"category","embeddable":true,"href":"https:\/\/incm.pt\/site\/wp-json\/wp\/v2\/categories?post=24440"},{"taxonomy":"post_tag","embeddable":true,"href":"https:\/\/incm.pt\/site\/wp-json\/wp\/v2\/tags?post=24440"}],"curies":[{"name":"wp","href":"https:\/\/api.w.org\/{rel}","templated":true}]}}