{"id":24346,"date":"2024-09-05T14:09:28","date_gmt":"2024-09-05T14:09:28","guid":{"rendered":"https:\/\/incm.pt\/site\/?p=24346"},"modified":"2024-09-05T14:09:28","modified_gmt":"2024-09-05T14:09:28","slug":"imprensa-nacional-casa-da-moeda-marca-presenca-na-festa-do-livro-em-belem-2024","status":"publish","type":"post","link":"https:\/\/incm.pt\/site\/imprensa-nacional-casa-da-moeda-marca-presenca-na-festa-do-livro-em-belem-2024\/","title":{"rendered":"Imprensa Nacional &#8211; Casa da Moeda marca presen\u00e7a na Festa do Livro em Bel\u00e9m 2024"},"content":{"rendered":"<p>A Imprensa Nacional &#8211; Casa da Moeda volta a estar presente na Festa do Livro em Bel\u00e9m, que se realiza nos Jardins do Pal\u00e1cio de Bel\u00e9m, em Lisboa, de 5 a 8 de setembro.<\/p>\n<p>Esta Festa, consagrada exclusivamente \u00e0 promo\u00e7\u00e3o de obras de autores de l\u00edngua portuguesa, \u00a0\u00e9 uma iniciativa do Senhor Presidente da Rep\u00fablica, com a APEL \u2014 Associa\u00e7\u00e3o Portuguesa de Editores e Livreiros, e a colabora\u00e7\u00e3o das BLX \u2014 Bibliotecas de Lisboa.<\/p>\n<p>Al\u00e9m da promo\u00e7\u00e3o da l\u00edngua e da cultura portuguesas, a Festa oferece habitualmente uma programa\u00e7\u00e3o cultural diversa, incluindo concertos, cinema, debates, sess\u00f5es de aut\u00f3grafos e lan\u00e7amentos de livros. \u00a0 Conhe\u00e7a- a <a href=\"https:\/\/www.museu.presidencia.pt\/pt\/destaques\/festa-do-livro-em-belem-2024\/\" target=\"_blank\" rel=\"noopener\"><strong>Aqui<\/strong><\/a><\/p>\n<p>A entrada \u00e9 gratuita.<\/p>\n","protected":false},"excerpt":{"rendered":"<p>A Imprensa Nacional &#8211; Casa da Moeda volta a estar presente na Festa do Livro em Bel\u00e9m, que se realiza nos Jardins do Pal\u00e1cio de Bel\u00e9m, em Lisboa, de 5 a 8 de setembro. Esta Festa, consagrada exclusivamente \u00e0 promo\u00e7\u00e3o de obras de autores de l\u00edngua portuguesa, \u00a0\u00e9 uma iniciativa do Senhor Presidente da Rep\u00fablica, [&hellip;]<\/p>\n","protected":false},"author":19,"featured_media":24347,"comment_status":"open","ping_status":"open","sticky":false,"template":"","format":"standard","meta":{"_acf_changed":false,"_et_pb_use_builder":"","_et_pb_old_content":"","_et_gb_content_width":"","footnotes":""},"categories":[26],"tags":[],"class_list":["post-24346","post","type-post","status-publish","format-standard","has-post-thumbnail","hentry","category-cultura"],"acf":[],"_links":{"self":[{"href":"https:\/\/incm.pt\/site\/wp-json\/wp\/v2\/posts\/24346","targetHints":{"allow":["GET"]}}],"collection":[{"href":"https:\/\/incm.pt\/site\/wp-json\/wp\/v2\/posts"}],"about":[{"href":"https:\/\/incm.pt\/site\/wp-json\/wp\/v2\/types\/post"}],"author":[{"embeddable":true,"href":"https:\/\/incm.pt\/site\/wp-json\/wp\/v2\/users\/19"}],"replies":[{"embeddable":true,"href":"https:\/\/incm.pt\/site\/wp-json\/wp\/v2\/comments?post=24346"}],"version-history":[{"count":1,"href":"https:\/\/incm.pt\/site\/wp-json\/wp\/v2\/posts\/24346\/revisions"}],"predecessor-version":[{"id":24351,"href":"https:\/\/incm.pt\/site\/wp-json\/wp\/v2\/posts\/24346\/revisions\/24351"}],"wp:featuredmedia":[{"embeddable":true,"href":"https:\/\/incm.pt\/site\/wp-json\/wp\/v2\/media\/24347"}],"wp:attachment":[{"href":"https:\/\/incm.pt\/site\/wp-json\/wp\/v2\/media?parent=24346"}],"wp:term":[{"taxonomy":"category","embeddable":true,"href":"https:\/\/incm.pt\/site\/wp-json\/wp\/v2\/categories?post=24346"},{"taxonomy":"post_tag","embeddable":true,"href":"https:\/\/incm.pt\/site\/wp-json\/wp\/v2\/tags?post=24346"}],"curies":[{"name":"wp","href":"https:\/\/api.w.org\/{rel}","templated":true}]}}