{"id":23742,"date":"2024-07-11T11:30:41","date_gmt":"2024-07-11T11:30:41","guid":{"rendered":"https:\/\/incm.pt\/site\/?p=23742"},"modified":"2024-07-11T11:41:50","modified_gmt":"2024-07-11T11:41:50","slug":"imprensa-nacional-soma-132-livros-no-plano-nacional-de-leitura","status":"publish","type":"post","link":"https:\/\/incm.pt\/site\/imprensa-nacional-soma-132-livros-no-plano-nacional-de-leitura\/","title":{"rendered":"Imprensa Nacional soma 132 livros no Plano Nacional de Leitura"},"content":{"rendered":"<p>No primeiro semestre de 2024 foram 17 os novos t\u00edtulos da Imprensa Nacional, a chancela editorial da\u00a0 Imprensa Nacional-Casa da Moeda, a integrarem as recomenda\u00e7\u00f5es do Plano Nacional de Leitura (PNL).<\/p>\n<p>A editora p\u00fablica conta agora com 132 t\u00edtulos recomendados pelo Plano Nacional de Leitura!<\/p>\n<p>Da ic\u00f3nica cole\u00e7\u00e3o de bolso \u00abO Essencial sobre\u00bb entraram no primeiro semestre de 2024 para o PNL os seguintes t\u00edtulos:\u00a0<em>O Essencial sobre a PIDE<\/em>, de Irene Flunser Pimentel;\u00a0<em>O Essencial Sobre A Constitui\u00e7\u00e3o de 1822<\/em>, de Ant\u00f3nio Pedro Barbas Homem, e\u00a0<em>O Essencial sobre Jos\u00e9 Saramago<\/em>, de Carlos Reis e Sara Grunhagen.<\/p>\n<p>Da cole\u00e7\u00e3o \u00abIt\u00e1lica\u00bb, inaugurada em 2019 e inteiramente dedicada a autores italianos, foi recomendado o t\u00edtulo\u00a0<em>M\u00e1scaras Nuas \u2013 Uma sele\u00e7\u00e3o de Luigi Pirandello<\/em>, que contou com a sele\u00e7\u00e3o e coordena\u00e7\u00e3o de Jorge Silva Melo e Mariana Maur\u00edcio.<\/p>\n<p>Da cole\u00e7\u00e3o \u00abPlural\u00bb, coordenada por Jorge Reis-S\u00e1, e dedicada \u00e0 poesia em l\u00edngua portuguesa,\u00a0<em>N\u00e3o Desfazendo<\/em>, de Rita Taborda Duarte,\u00a0<em>Todo o Alba<\/em>, de Sebasti\u00e3o Alba;\u00a0<em>Da Poesia<\/em>, de Hilda Hist, e\u00a0<em>O Vazio de um c\u00e9u sem Hinos<\/em>, de David Bene, s\u00e3o as obras recomendadas.<\/p>\n<p>Da cole\u00e7\u00e3o \u00abLetra Poema\u00bb, entraram para o PNL os t\u00edtulos de Carlos T\u00ea e Jo\u00e3o Monge,\u00a0<em>A Inven\u00e7\u00e3o do Canto e outros Versos<\/em>\u00a0e<em>\u00a0Raz\u00e3o de Ser e Outras Letras<\/em>, respetivamente.<\/p>\n<p>A cole\u00e7\u00e3o dedicada aos fot\u00f3grafos portugueses, a \u00abS\u00e9rie Ph.\u00bb tamb\u00e9m tem livros recomendados pelo Plano: \u00a0<em>Ph. Rita Barros<\/em>. J\u00e1 a cole\u00e7\u00e3o \u00abD\u00bb, dedicada aos designer portugueses viu selecionado o livro dedicado a <em>Cristina Reis.<\/em><\/p>\n<p>Uma das obras mais significativas de Jos\u00e9-Augusto Fran\u00e7a,\u00a0<em>Lisboa Pombalina e o Iluminismo<\/em>, da cole\u00e7\u00e3o \u00abBiblioteca Jos\u00e9-Augusto Fran\u00e7a\u00bb est\u00e1 tamb\u00e9m agora recomendada pelo PNL, assim como a\u00a0<em>Obra Dram\u00e1tica Completa de Nat\u00e1lia Correia\u00a0<\/em>e o livro precursor da democracia portuguesa:\u00a0<em>Portugal Amorda\u00e7ado<\/em>, de M\u00e1rio Soares.<\/p>\n<p><em>Relance da Alma Japonesa<\/em>, de Wenceslau de Moraes, e\u00a0<em>Sonetos, Can\u00e7\u00f5es, \u00c9clogas e Outras Rimas<\/em>, de Baltazar Esta\u00e7o, s\u00e3o os livros que encerram a recomenda\u00e7\u00f5es deste primeiro semestre do ano.<\/p>\n<p>A Imprensa Nacional continua empenhada em prestar um servi\u00e7o p\u00fablico de qualidade e em chegar cada vez mais e cada vez melhor a mais leitores, cumprindo o seu des\u00edgnio de servi\u00e7o p\u00fablico de divulga\u00e7\u00e3o e preserva\u00e7\u00e3o da l\u00edngua portuguesa.<\/p>\n<p>Recorde-se que o PNL foi criado em 2006 para melhorar os n\u00edveis de literacia e leitura dos portugueses, promovendo o gosto pela leitura e j\u00e1 tornou p\u00fablico que nos pr\u00f3ximos anos vai apostar na \u00abliteracia cient\u00edfica e digital\u00bb para crian\u00e7as e adultos e incluir\u00e1 bibliotecas escolares e institui\u00e7\u00f5es de ensino superior.<\/p>\n","protected":false},"excerpt":{"rendered":"<p>No primeiro semestre de 2024 foram 17 os novos t\u00edtulos da Imprensa Nacional, a chancela editorial da\u00a0 Imprensa Nacional-Casa da Moeda, a integrarem as recomenda\u00e7\u00f5es do Plano Nacional de Leitura (PNL). A editora p\u00fablica conta agora com 132 t\u00edtulos recomendados pelo Plano Nacional de Leitura! Da ic\u00f3nica cole\u00e7\u00e3o de bolso \u00abO Essencial sobre\u00bb entraram no [&hellip;]<\/p>\n","protected":false},"author":19,"featured_media":23743,"comment_status":"open","ping_status":"open","sticky":false,"template":"","format":"standard","meta":{"_acf_changed":false,"_et_pb_use_builder":"","_et_pb_old_content":"","_et_gb_content_width":"","footnotes":""},"categories":[26],"tags":[],"class_list":["post-23742","post","type-post","status-publish","format-standard","has-post-thumbnail","hentry","category-cultura"],"acf":[],"_links":{"self":[{"href":"https:\/\/incm.pt\/site\/wp-json\/wp\/v2\/posts\/23742","targetHints":{"allow":["GET"]}}],"collection":[{"href":"https:\/\/incm.pt\/site\/wp-json\/wp\/v2\/posts"}],"about":[{"href":"https:\/\/incm.pt\/site\/wp-json\/wp\/v2\/types\/post"}],"author":[{"embeddable":true,"href":"https:\/\/incm.pt\/site\/wp-json\/wp\/v2\/users\/19"}],"replies":[{"embeddable":true,"href":"https:\/\/incm.pt\/site\/wp-json\/wp\/v2\/comments?post=23742"}],"version-history":[{"count":2,"href":"https:\/\/incm.pt\/site\/wp-json\/wp\/v2\/posts\/23742\/revisions"}],"predecessor-version":[{"id":23748,"href":"https:\/\/incm.pt\/site\/wp-json\/wp\/v2\/posts\/23742\/revisions\/23748"}],"wp:featuredmedia":[{"embeddable":true,"href":"https:\/\/incm.pt\/site\/wp-json\/wp\/v2\/media\/23743"}],"wp:attachment":[{"href":"https:\/\/incm.pt\/site\/wp-json\/wp\/v2\/media?parent=23742"}],"wp:term":[{"taxonomy":"category","embeddable":true,"href":"https:\/\/incm.pt\/site\/wp-json\/wp\/v2\/categories?post=23742"},{"taxonomy":"post_tag","embeddable":true,"href":"https:\/\/incm.pt\/site\/wp-json\/wp\/v2\/tags?post=23742"}],"curies":[{"name":"wp","href":"https:\/\/api.w.org\/{rel}","templated":true}]}}