{"id":23717,"date":"2024-07-09T11:03:22","date_gmt":"2024-07-09T11:03:22","guid":{"rendered":"https:\/\/incm.pt\/site\/?p=23717"},"modified":"2024-07-09T11:05:34","modified_gmt":"2024-07-09T11:05:34","slug":"cerimonia-de-entrega-do-premio-literario-guerra-junqueiro-lusofonia","status":"publish","type":"post","link":"https:\/\/incm.pt\/site\/cerimonia-de-entrega-do-premio-literario-guerra-junqueiro-lusofonia\/","title":{"rendered":"Cerim\u00f3nia de entrega do Pr\u00e9mio Liter\u00e1rio Guerra Junqueiro Lusofonia"},"content":{"rendered":"<p>A Imprensa Nacional-Casa da Moeda (INCM), representada por Dora Moita, Presidente do Conselho de Administra\u00e7\u00e3o, esteve presente na cerim\u00f3nia de entrega do Pr\u00e9mio Liter\u00e1rio Guerra Junqueiro Lusofonia 2023, no Munic\u00edpio de Freixo de Espada \u00e0 Cinta.<\/p>\n<p>Na cerim\u00f3nia, realizada no \u00e2mbito do encerramento das cerim\u00f3nias do centen\u00e1rio da morte do poeta freixenista Ab\u00edlio Guerra Junqueiro, foi distinguido com o Pr\u00e9mio Liter\u00e1rio Guerra Junqueiro Lusofonia &#8211; Portugal 2023 o escritor M\u00e1rio Cl\u00e1udio, que \u00e9 tamb\u00e9m autor com obra publicada na Imprensa Nacional.<\/p>\n<p>Destinado a distinguir escritores dos nove Pa\u00edses de L\u00edngua Oficial Portuguesa (PALOP), o pr\u00e9mio contemplou nesta edi\u00e7\u00e3o, al\u00e9m de M\u00e1rio Cl\u00e1udio, Daniel Medina (Cabo Verde), Jos\u00e9 Lu\u00eds Mendon\u00e7a (Angola), Cida Pedrosa (Brasil), Odete Costa Semedo (Guin\u00e9-Bissau), Laureano Nsue Nguema Mibuy (Guin\u00e9-Equatorial), Paulina Chiziane (Mo\u00e7ambique), Inoc\u00eancia Mata (S\u00e3o Tom\u00e9 e Pr\u00edncipe) e Jos\u00e9 Ramos Horta (Timor-Leste).<\/p>\n<p>A INCM, enquanto promotora da lusofonia, da cultura e da l\u00edngua portuguesa, n\u00e3o podia deixar de estar presente nesta homenagem e evoca\u00e7\u00e3o de Guerra Junqueiro, um dos nomes maiores da nossa literatura.<\/p>\n","protected":false},"excerpt":{"rendered":"<p>A Imprensa Nacional-Casa da Moeda (INCM), representada por Dora Moita, Presidente do Conselho de Administra\u00e7\u00e3o, esteve presente na cerim\u00f3nia de entrega do Pr\u00e9mio Liter\u00e1rio Guerra Junqueiro Lusofonia 2023, no Munic\u00edpio de Freixo de Espada \u00e0 Cinta. Na cerim\u00f3nia, realizada no \u00e2mbito do encerramento das cerim\u00f3nias do centen\u00e1rio da morte do poeta freixenista Ab\u00edlio Guerra Junqueiro, [&hellip;]<\/p>\n","protected":false},"author":16,"featured_media":23718,"comment_status":"open","ping_status":"open","sticky":false,"template":"","format":"standard","meta":{"_acf_changed":false,"_et_pb_use_builder":"","_et_pb_old_content":"","_et_gb_content_width":"","footnotes":""},"categories":[26],"tags":[],"class_list":["post-23717","post","type-post","status-publish","format-standard","has-post-thumbnail","hentry","category-cultura"],"acf":[],"_links":{"self":[{"href":"https:\/\/incm.pt\/site\/wp-json\/wp\/v2\/posts\/23717","targetHints":{"allow":["GET"]}}],"collection":[{"href":"https:\/\/incm.pt\/site\/wp-json\/wp\/v2\/posts"}],"about":[{"href":"https:\/\/incm.pt\/site\/wp-json\/wp\/v2\/types\/post"}],"author":[{"embeddable":true,"href":"https:\/\/incm.pt\/site\/wp-json\/wp\/v2\/users\/16"}],"replies":[{"embeddable":true,"href":"https:\/\/incm.pt\/site\/wp-json\/wp\/v2\/comments?post=23717"}],"version-history":[{"count":2,"href":"https:\/\/incm.pt\/site\/wp-json\/wp\/v2\/posts\/23717\/revisions"}],"predecessor-version":[{"id":23723,"href":"https:\/\/incm.pt\/site\/wp-json\/wp\/v2\/posts\/23717\/revisions\/23723"}],"wp:featuredmedia":[{"embeddable":true,"href":"https:\/\/incm.pt\/site\/wp-json\/wp\/v2\/media\/23718"}],"wp:attachment":[{"href":"https:\/\/incm.pt\/site\/wp-json\/wp\/v2\/media?parent=23717"}],"wp:term":[{"taxonomy":"category","embeddable":true,"href":"https:\/\/incm.pt\/site\/wp-json\/wp\/v2\/categories?post=23717"},{"taxonomy":"post_tag","embeddable":true,"href":"https:\/\/incm.pt\/site\/wp-json\/wp\/v2\/tags?post=23717"}],"curies":[{"name":"wp","href":"https:\/\/api.w.org\/{rel}","templated":true}]}}