{"id":23303,"date":"2024-06-19T10:29:27","date_gmt":"2024-06-19T10:29:27","guid":{"rendered":"https:\/\/incm.pt\/site\/?p=23303"},"modified":"2024-06-19T10:29:27","modified_gmt":"2024-06-19T10:29:27","slug":"incm-doa-mais-de-1700-livros-a-biblioteca-nacional-de-cabo-verde","status":"publish","type":"post","link":"https:\/\/incm.pt\/site\/incm-doa-mais-de-1700-livros-a-biblioteca-nacional-de-cabo-verde\/","title":{"rendered":"INCM doa mais de 1700 livros \u00e0 Biblioteca Nacional de Cabo Verde"},"content":{"rendered":"<p>Foi hoje assinado, na Sala do Painel do edif\u00edcio da Casa da Moeda, em Lisboa, o protocolo de coopera\u00e7\u00e3o entre a Imprensa Nacional-Casa da Moeda e o Instituto da Biblioteca Nacional de Cabo Verde.<\/p>\n<p>Este protocolo estabelece os termos da cria\u00e7\u00e3o do Pr\u00e9mio Liter\u00e1rio Infantojuvenil Manuel Lopes e o apoio \u00e0 2.\u00aa Edi\u00e7\u00e3o do Concurso Nacional de Leitura de Cabo Verde em L\u00edngua Portuguesa, atrav\u00e9s de atribui\u00e7\u00e3o, a t\u00edtulo de donativo, de livros de acervo bibliogr\u00e1fico ativo da INCM, comprometendo-se esta \u00faltima a entregar 1.719 livros ao Minist\u00e9rio da Cultura e das Ind\u00fastrias Criativas, atrav\u00e9s do Instituto da Biblioteca Nacional de Cabo Verde.<\/p>\n<p>Nesta sess\u00e3o estiveram presentes a diretora da Biblioteca Nacional de Cabo Verde, Matilde Santos, Dora Moita e Duarte Azinheira, presidente e vogal executivo do Conselho de Administra\u00e7\u00e3o da INCM, respetivamente.<\/p>\n<p>A INCM assume, uma vez mais, um papel preponderante na promo\u00e7\u00e3o da l\u00edngua portuguesa nomeadamente com a divulga\u00e7\u00e3o de obras importantes de autores portugueses junto das comunidades locais, no caso concreto, da comunidade escolar cabo-verdiana.<\/p>\n","protected":false},"excerpt":{"rendered":"<p>Foi hoje assinado, na Sala do Painel do edif\u00edcio da Casa da Moeda, em Lisboa, o protocolo de coopera\u00e7\u00e3o entre a Imprensa Nacional-Casa da Moeda e o Instituto da Biblioteca Nacional de Cabo Verde. Este protocolo estabelece os termos da cria\u00e7\u00e3o do Pr\u00e9mio Liter\u00e1rio Infantojuvenil Manuel Lopes e o apoio \u00e0 2.\u00aa Edi\u00e7\u00e3o do Concurso [&hellip;]<\/p>\n","protected":false},"author":19,"featured_media":23304,"comment_status":"open","ping_status":"open","sticky":false,"template":"","format":"standard","meta":{"_acf_changed":false,"_et_pb_use_builder":"","_et_pb_old_content":"","_et_gb_content_width":"","footnotes":""},"categories":[26],"tags":[],"class_list":["post-23303","post","type-post","status-publish","format-standard","has-post-thumbnail","hentry","category-cultura"],"acf":[],"_links":{"self":[{"href":"https:\/\/incm.pt\/site\/wp-json\/wp\/v2\/posts\/23303","targetHints":{"allow":["GET"]}}],"collection":[{"href":"https:\/\/incm.pt\/site\/wp-json\/wp\/v2\/posts"}],"about":[{"href":"https:\/\/incm.pt\/site\/wp-json\/wp\/v2\/types\/post"}],"author":[{"embeddable":true,"href":"https:\/\/incm.pt\/site\/wp-json\/wp\/v2\/users\/19"}],"replies":[{"embeddable":true,"href":"https:\/\/incm.pt\/site\/wp-json\/wp\/v2\/comments?post=23303"}],"version-history":[{"count":1,"href":"https:\/\/incm.pt\/site\/wp-json\/wp\/v2\/posts\/23303\/revisions"}],"predecessor-version":[{"id":23308,"href":"https:\/\/incm.pt\/site\/wp-json\/wp\/v2\/posts\/23303\/revisions\/23308"}],"wp:featuredmedia":[{"embeddable":true,"href":"https:\/\/incm.pt\/site\/wp-json\/wp\/v2\/media\/23304"}],"wp:attachment":[{"href":"https:\/\/incm.pt\/site\/wp-json\/wp\/v2\/media?parent=23303"}],"wp:term":[{"taxonomy":"category","embeddable":true,"href":"https:\/\/incm.pt\/site\/wp-json\/wp\/v2\/categories?post=23303"},{"taxonomy":"post_tag","embeddable":true,"href":"https:\/\/incm.pt\/site\/wp-json\/wp\/v2\/tags?post=23303"}],"curies":[{"name":"wp","href":"https:\/\/api.w.org\/{rel}","templated":true}]}}