{"id":22559,"date":"2024-05-16T15:52:16","date_gmt":"2024-05-16T15:52:16","guid":{"rendered":"https:\/\/incm.pt\/site\/?p=22559"},"modified":"2024-05-16T15:52:16","modified_gmt":"2024-05-16T15:52:16","slug":"incm-participa-na-entrega-dos-premios-cidades-territorios-do-futuro","status":"publish","type":"post","link":"https:\/\/incm.pt\/site\/incm-participa-na-entrega-dos-premios-cidades-territorios-do-futuro\/","title":{"rendered":"INCM participa na entrega dos Pr\u00e9mios Cidades &#038; Territ\u00f3rios do Futuro"},"content":{"rendered":"<p>No dia 14 de maio, realizou-se cerim\u00f3nia de entrega dos Pr\u00e9mios Cidades &amp; Territ\u00f3rios do Futuro, um galard\u00e3o promovido pela APDC \u2013 Associa\u00e7\u00e3o Portuguesa para o Desenvolvimento das Comunica\u00e7\u00f5es, que visa reconhecer projetos e solu\u00e7\u00f5es pioneiras, de base tecnol\u00f3gica, que tornem as cidades e os territ\u00f3rios espa\u00e7os mais habit\u00e1veis e que conta com o apoio da Imprensa Nacional-Casa da Moeda (INCM).<\/p>\n<p>Pedro Cabrita, diretor de Desenvolvimento e Transi\u00e7\u00e3o Digital, esteve presente na cerim\u00f3nia, em representa\u00e7\u00e3o da INCM, e entregou o pr\u00e9mio na categoria \u00abRelacionamento com o Cidad\u00e3o e Participa\u00e7\u00e3o\u00bb, que distinguiu o programa <a href=\"https:\/\/eur05.safelinks.protection.outlook.com\/?url=https%3A%2F%2Fandaconhecerportugal.pt%2F&amp;data=05%7C02%7CLuis.Ferreira%40incm.pt%7C7543f42acb8940f9ac0608dc74bc275e%7Cd888966928b64887a0e2cdb8725d2f6d%7C0%7C0%7C638513598690662483%7CUnknown%7CTWFpbGZsb3d8eyJWIjoiMC4wLjAwMDAiLCJQIjoiV2luMzIiLCJBTiI6Ik1haWwiLCJXVCI6Mn0%3D%7C0%7C%7C%7C&amp;sdata=T5hdOLGBaiLlWSghummqlOF3xY9dpXkp8M0CS5zilsI%3D&amp;reserved=0\">ANDA Conhecer Portugal<\/a>, lan\u00e7ado pela Movijovem, em parceria com a CP \u2013 Comboios de Portugal.<\/p>\n<p>Este programa permite a todos os jovens que tenham conclu\u00eddo o 12.\u00ba ano de escolaridade viajar gratuitamente pelo pa\u00eds durante sete dias. Para isso t\u00eam acesso a viagens de comboio ilimitadas durante esse per\u00edodo e a seis noites de estadia (tamb\u00e9m gratuita) na rede das Pousadas da Juventude.<\/p>\n<p>Na mesma categoria, o j\u00fari decidiu atribuir ainda uma men\u00e7\u00e3o honrosa ao projeto \u00abAcademia Pr\u00f3xima Gera\u00e7\u00e3o\u00bb, da ADPG &#8211; Associa\u00e7\u00e3o para o Desenvolvimento da Pr\u00f3xima Gera\u00e7\u00e3o.<\/p>\n","protected":false},"excerpt":{"rendered":"<p>No dia 14 de maio, realizou-se cerim\u00f3nia de entrega dos Pr\u00e9mios Cidades &amp; Territ\u00f3rios do Futuro, um galard\u00e3o promovido pela APDC \u2013 Associa\u00e7\u00e3o Portuguesa para o Desenvolvimento das Comunica\u00e7\u00f5es, que visa reconhecer projetos e solu\u00e7\u00f5es pioneiras, de base tecnol\u00f3gica, que tornem as cidades e os territ\u00f3rios espa\u00e7os mais habit\u00e1veis e que conta com o apoio [&hellip;]<\/p>\n","protected":false},"author":16,"featured_media":22560,"comment_status":"open","ping_status":"open","sticky":false,"template":"","format":"standard","meta":{"_acf_changed":false,"_et_pb_use_builder":"","_et_pb_old_content":"","_et_gb_content_width":"","footnotes":""},"categories":[19],"tags":[],"class_list":["post-22559","post","type-post","status-publish","format-standard","has-post-thumbnail","hentry","category-institucional"],"acf":[],"_links":{"self":[{"href":"https:\/\/incm.pt\/site\/wp-json\/wp\/v2\/posts\/22559","targetHints":{"allow":["GET"]}}],"collection":[{"href":"https:\/\/incm.pt\/site\/wp-json\/wp\/v2\/posts"}],"about":[{"href":"https:\/\/incm.pt\/site\/wp-json\/wp\/v2\/types\/post"}],"author":[{"embeddable":true,"href":"https:\/\/incm.pt\/site\/wp-json\/wp\/v2\/users\/16"}],"replies":[{"embeddable":true,"href":"https:\/\/incm.pt\/site\/wp-json\/wp\/v2\/comments?post=22559"}],"version-history":[{"count":1,"href":"https:\/\/incm.pt\/site\/wp-json\/wp\/v2\/posts\/22559\/revisions"}],"predecessor-version":[{"id":22564,"href":"https:\/\/incm.pt\/site\/wp-json\/wp\/v2\/posts\/22559\/revisions\/22564"}],"wp:featuredmedia":[{"embeddable":true,"href":"https:\/\/incm.pt\/site\/wp-json\/wp\/v2\/media\/22560"}],"wp:attachment":[{"href":"https:\/\/incm.pt\/site\/wp-json\/wp\/v2\/media?parent=22559"}],"wp:term":[{"taxonomy":"category","embeddable":true,"href":"https:\/\/incm.pt\/site\/wp-json\/wp\/v2\/categories?post=22559"},{"taxonomy":"post_tag","embeddable":true,"href":"https:\/\/incm.pt\/site\/wp-json\/wp\/v2\/tags?post=22559"}],"curies":[{"name":"wp","href":"https:\/\/api.w.org\/{rel}","templated":true}]}}