{"id":22407,"date":"2024-05-02T09:34:29","date_gmt":"2024-05-02T09:34:29","guid":{"rendered":"https:\/\/incm.pt\/site\/?p=22407"},"modified":"2024-05-02T14:57:54","modified_gmt":"2024-05-02T14:57:54","slug":"abertas-candidaturas-ao-premio-literario-infantojuvenil-manuel-lopes","status":"publish","type":"post","link":"https:\/\/incm.pt\/site\/abertas-candidaturas-ao-premio-literario-infantojuvenil-manuel-lopes\/","title":{"rendered":"Abertas candidaturas ao Pr\u00e9mio Liter\u00e1rio Infantojuvenil Manuel Lopes"},"content":{"rendered":"<p>Est\u00e3o abertas as candidaturas \u00e0 1.\u00aa edi\u00e7\u00e3o do <a href=\"https:\/\/imprensanacional.pt\/premios-literarios\/premio-literario-infantojuvenil-manuel-lopes\/\" target=\"_blank\" rel=\"noopener\">Pr\u00e9mio Liter\u00e1rio Infantojuvenil Manuel Lopes<\/a>, institu\u00eddo em parceria pela Imprensa Nacional-Casa da Moeda (INCM) e pelo Instituto da Biblioteca Nacional de Cabo Verde (BNCV), dirigido a autores cabo-verdianos ou a residir em Cabo Verde.<\/p>\n<p>O Pr\u00e9mio visa promover a cria\u00e7\u00e3o liter\u00e1ria e a ilustra\u00e7\u00e3o para o universo infantojuvenil e decorrer\u00e1 em duas fases: de 1 de maio a 30 de junho podem ser submetidos os textos in\u00e9ditos e de 1 de agosto a 31 de outubro, depois de conhecido o texto vencedor, podem ser enviadas as propostas in\u00e9ditas para o ilustrar.<\/p>\n<p>O galard\u00e3o visa ainda homenagear a figura de Manuel Lopes, ficcionista, poeta, ensa\u00edsta e um dos fundadores da literatura moderna em Cabo Verde, que nasceu em Campinho (S\u00e3o Nicolau), a 23 de dezembro de 1907, e faleceu em Lisboa a 25 de janeiro de 2005.<\/p>\n<p>Al\u00e9m da componente pecuni\u00e1ria de 5 mil euros (repartida equitativamente entre as categorias de texto e ilustra\u00e7\u00e3o), o Pr\u00e9mio Liter\u00e1rio Infantojuvenil Manuel Lopes contempla ainda a edi\u00e7\u00e3o em livro dos trabalhos vencedores sob a chancela da Imprensa Nacional.<\/p>\n<p>A escolha dos trabalhos distinguidos caber\u00e1 ao j\u00fari designado pela INCM e pela BNCV, presidido por Germano Almeida e composto ainda por Vera Duarte, Isabel Al\u00e7ada, Elisabete \u201cBety\u201d Gon\u00e7alves, Tutu Sousa e Andr\u00e9 Letria.<\/p>\n<p>Os trabalhos a concurso devem ser apresentados exclusivamente\u00a0<em>online<\/em>, no s\u00edtio da Imprensa Nacional, preenchendo o seguinte <a href=\"https:\/\/imprensanacional.pt\/premios-literarios\/premio-literario-infantojuvenil-manuel-lopes\/candidatura-ao-premio-literario-infantojuvenil-manuel-lopes\/\" target=\"_blank\" rel=\"noopener\">formul\u00e1rio de candidatura<\/a>, nos prazos definidos para cada categoria. Os candidatos podem consultar aqui o <a href=\"https:\/\/imprensanacional.pt\/wp-content\/uploads\/2024\/02\/REGULAMENTO_PREMIO-LITERARIO-INFANTOJUVENIL-MANUEL-LOPES.pdf\" target=\"_blank\" rel=\"noopener\">regulamento<\/a>.<\/p>\n<p>A INCM e a BNCV est\u00e3o convictas de que este novo pr\u00e9mio ser\u00e1 um importante incentivo \u00e0 cria\u00e7\u00e3o liter\u00e1ria infantojuvenil em Cabo Verde, algo que veem como fundamental para garantir a preserva\u00e7\u00e3o e o desenvolvimento do patrim\u00f3nio comum da l\u00edngua portuguesa e para a forma\u00e7\u00e3o de jovens leitores, pois ser\u00e3o eles os leitores e autores das obras de amanh\u00e3.<\/p>\n","protected":false},"excerpt":{"rendered":"<p>Est\u00e3o abertas as candidaturas \u00e0 1.\u00aa edi\u00e7\u00e3o do Pr\u00e9mio Liter\u00e1rio Infantojuvenil Manuel Lopes, institu\u00eddo em parceria pela Imprensa Nacional-Casa da Moeda (INCM) e pelo Instituto da Biblioteca Nacional de Cabo Verde (BNCV), dirigido a autores cabo-verdianos ou a residir em Cabo Verde. O Pr\u00e9mio visa promover a cria\u00e7\u00e3o liter\u00e1ria e a ilustra\u00e7\u00e3o para o universo [&hellip;]<\/p>\n","protected":false},"author":16,"featured_media":22408,"comment_status":"open","ping_status":"open","sticky":false,"template":"","format":"standard","meta":{"_acf_changed":false,"_et_pb_use_builder":"","_et_pb_old_content":"","_et_gb_content_width":"","footnotes":""},"categories":[26],"tags":[],"class_list":["post-22407","post","type-post","status-publish","format-standard","has-post-thumbnail","hentry","category-cultura"],"acf":[],"_links":{"self":[{"href":"https:\/\/incm.pt\/site\/wp-json\/wp\/v2\/posts\/22407","targetHints":{"allow":["GET"]}}],"collection":[{"href":"https:\/\/incm.pt\/site\/wp-json\/wp\/v2\/posts"}],"about":[{"href":"https:\/\/incm.pt\/site\/wp-json\/wp\/v2\/types\/post"}],"author":[{"embeddable":true,"href":"https:\/\/incm.pt\/site\/wp-json\/wp\/v2\/users\/16"}],"replies":[{"embeddable":true,"href":"https:\/\/incm.pt\/site\/wp-json\/wp\/v2\/comments?post=22407"}],"version-history":[{"count":4,"href":"https:\/\/incm.pt\/site\/wp-json\/wp\/v2\/posts\/22407\/revisions"}],"predecessor-version":[{"id":22415,"href":"https:\/\/incm.pt\/site\/wp-json\/wp\/v2\/posts\/22407\/revisions\/22415"}],"wp:featuredmedia":[{"embeddable":true,"href":"https:\/\/incm.pt\/site\/wp-json\/wp\/v2\/media\/22408"}],"wp:attachment":[{"href":"https:\/\/incm.pt\/site\/wp-json\/wp\/v2\/media?parent=22407"}],"wp:term":[{"taxonomy":"category","embeddable":true,"href":"https:\/\/incm.pt\/site\/wp-json\/wp\/v2\/categories?post=22407"},{"taxonomy":"post_tag","embeddable":true,"href":"https:\/\/incm.pt\/site\/wp-json\/wp\/v2\/tags?post=22407"}],"curies":[{"name":"wp","href":"https:\/\/api.w.org\/{rel}","templated":true}]}}