{"id":22222,"date":"2024-04-15T11:32:20","date_gmt":"2024-04-15T11:32:20","guid":{"rendered":"https:\/\/incm.pt\/site\/?p=22222"},"modified":"2024-04-15T12:11:21","modified_gmt":"2024-04-15T12:11:21","slug":"exposicao-os-direitos-humanos-consagrados-na-constituicao-portuguesa","status":"publish","type":"post","link":"https:\/\/incm.pt\/site\/exposicao-os-direitos-humanos-consagrados-na-constituicao-portuguesa\/","title":{"rendered":"Exposi\u00e7\u00e3o \u00abOs Direitos Humanos Consagrados na Constitui\u00e7\u00e3o Portuguesa\u00bb"},"content":{"rendered":"<p>No ano em que se assinala o 50.\u00ba anivers\u00e1rio do 25 de Abril, a Imprensa Nacional-Casa da Moeda (INCM), em parceria com a Associa\u00e7\u00e3o para a Promo\u00e7\u00e3o Cultural da Crian\u00e7a (APCC), inaugura, no dia 15 de abril, pelas 18h00, a exposi\u00e7\u00e3o \u00abOs Direitos Humanos Consagrados na Constitui\u00e7\u00e3o Portuguesa\u00bb.<\/p>\n<p>A mostra, que vai estar patente, at\u00e9 dia 3 de maio, nas instala\u00e7\u00f5es da Imprensa Nacional, em Lisboa, apresenta uma cole\u00e7\u00e3o de cartazes assinados por v\u00e1rios ilustradores nacionais, que deram forma e cor aos Direitos Humanos plasmados no texto da lei fundamental portuguesa.<\/p>\n<p>Esta exposi\u00e7\u00e3o tem entrada livre e pode ser visitada por p\u00fablicos de todas as idades, de 2.\u00aa a 6.\u00aa feira, das 9h30 \u00e0s 17h00, no n.\u00ba 135 da Rua da Escola Polit\u00e9cnica, em Lisboa.<\/p>\n","protected":false},"excerpt":{"rendered":"<p>No ano em que se assinala o 50.\u00ba anivers\u00e1rio do 25 de Abril, a Imprensa Nacional-Casa da Moeda (INCM), em parceria com a Associa\u00e7\u00e3o para a Promo\u00e7\u00e3o Cultural da Crian\u00e7a (APCC), inaugura, no dia 15 de abril, pelas 18h00, a exposi\u00e7\u00e3o \u00abOs Direitos Humanos Consagrados na Constitui\u00e7\u00e3o Portuguesa\u00bb. A mostra, que vai estar patente, at\u00e9 [&hellip;]<\/p>\n","protected":false},"author":16,"featured_media":22228,"comment_status":"open","ping_status":"open","sticky":false,"template":"","format":"standard","meta":{"_acf_changed":false,"_et_pb_use_builder":"","_et_pb_old_content":"","_et_gb_content_width":"","footnotes":""},"categories":[191],"tags":[],"class_list":["post-22222","post","type-post","status-publish","format-standard","has-post-thumbnail","hentry","category-responsabilidade-social"],"acf":[],"_links":{"self":[{"href":"https:\/\/incm.pt\/site\/wp-json\/wp\/v2\/posts\/22222","targetHints":{"allow":["GET"]}}],"collection":[{"href":"https:\/\/incm.pt\/site\/wp-json\/wp\/v2\/posts"}],"about":[{"href":"https:\/\/incm.pt\/site\/wp-json\/wp\/v2\/types\/post"}],"author":[{"embeddable":true,"href":"https:\/\/incm.pt\/site\/wp-json\/wp\/v2\/users\/16"}],"replies":[{"embeddable":true,"href":"https:\/\/incm.pt\/site\/wp-json\/wp\/v2\/comments?post=22222"}],"version-history":[{"count":1,"href":"https:\/\/incm.pt\/site\/wp-json\/wp\/v2\/posts\/22222\/revisions"}],"predecessor-version":[{"id":22227,"href":"https:\/\/incm.pt\/site\/wp-json\/wp\/v2\/posts\/22222\/revisions\/22227"}],"wp:featuredmedia":[{"embeddable":true,"href":"https:\/\/incm.pt\/site\/wp-json\/wp\/v2\/media\/22228"}],"wp:attachment":[{"href":"https:\/\/incm.pt\/site\/wp-json\/wp\/v2\/media?parent=22222"}],"wp:term":[{"taxonomy":"category","embeddable":true,"href":"https:\/\/incm.pt\/site\/wp-json\/wp\/v2\/categories?post=22222"},{"taxonomy":"post_tag","embeddable":true,"href":"https:\/\/incm.pt\/site\/wp-json\/wp\/v2\/tags?post=22222"}],"curies":[{"name":"wp","href":"https:\/\/api.w.org\/{rel}","templated":true}]}}